{"id":8128,"date":"2020-07-20T17:53:53","date_gmt":"2020-07-20T17:53:53","guid":{"rendered":"https:\/\/oparanews.com.br\/?p=8128"},"modified":"2020-07-20T17:53:53","modified_gmt":"2020-07-20T17:53:53","slug":"premio-bola-de-ouro-e-cancelado-em-2020-devido-a-pandemia","status":"publish","type":"post","link":"https:\/\/www.oparanews.com.br\/index.php\/2020\/07\/20\/premio-bola-de-ouro-e-cancelado-em-2020-devido-a-pandemia\/","title":{"rendered":"Pr\u00eamio Bola de Ouro \u00e9 cancelado em 2020 devido \u00e0 pandemia"},"content":{"rendered":"<p>O pr\u00eamio Bola de Ouro n\u00e3o vai ocorrer este ano pela primeira vez em 64 anos de hist\u00f3ria, depois que a pandemia de covid-19 causou estragos no calend\u00e1rio do futebol, anunciou nesta segunda-feira a revista France Football, organizadora da premia\u00e7\u00e3o.<\/p>\n<p>A premia\u00e7\u00e3o, decidida por votos dos jornalistas, \u00e9 concedida anualmente ao melhor jogador de futebol do mundo desde 1956. A Bola de Ouro feminina foi entregue pela primeira vez em 2018.<\/p>\n<p>A temporada 2019-20 foi devastada pela pandemia, com todas as principais ligas europeias suspendendo as partidas de mar\u00e7o a junho.<\/p>\n<p>Torneios de sele\u00e7\u00f5es, como a Eurocopa e a Copa Am\u00e9rica, foram adiados para 2021 devido ao v\u00edrus.<\/p>\n<p>Pascal Ferre, editor-chefe da France Football, disse em comunicado: &#8220;Do ponto de vista esportivo, dois meses (janeiro e fevereiro), dos onze geralmente necess\u00e1rios para formar uma opini\u00e3o e decidir quem deve levantar os trof\u00e9us, representam muito pouco para avaliar e julgar&#8221;.<\/p>\n<p>&#8220;Sem esquecer que os outros jogos foram disputados &#8212; ou ser\u00e3o disputados &#8212; em condi\u00e7\u00f5es extraordin\u00e1rias (port\u00f5es fechados, com cinco substitui\u00e7\u00f5es).&#8221;<\/p>\n<p>A fase final da Liga dos Campe\u00f5es, a partir das quartas de final, foi remarcada como um mini-torneio com partidas \u00fanicas e sem torcida em Portugal, no pr\u00f3ximo m\u00eas.<\/p>\n<p>O atacante argentino do Barcelona Lionel Messi ganhou o pr\u00eamio seis vezes &#8212; um a mais que o rival portugu\u00eas Cristiano Ronaldo, da Juventus.<\/p>\n<p>Para preencher o vazio deixado pela cerim\u00f4nia anual, o j\u00fari de 180 eleitores da revista France Football eleger\u00e1 um &#8220;Dream Team&#8221; de todos os tempos no final do ano.<\/p>\n<p>&nbsp;<\/p>\n<p><strong>Fonte: Terra<\/strong><\/p>\n<p>&nbsp;<\/p>\n","protected":false},"excerpt":{"rendered":"<p>O pr\u00eamio Bola de Ouro n\u00e3o vai ocorrer este ano pela primeira vez em 64 anos de hist\u00f3ria, depois que a pandemia de covid-19 causou estragos no calend\u00e1rio do futebol, anunciou nesta segunda-feira a revista France Football, organizadora da premia\u00e7\u00e3o. A premia\u00e7\u00e3o, decidida por votos dos jornalistas, \u00e9 concedida anualmente ao melhor jogador de futebol &hellip;<\/p>\n","protected":false},"author":1,"featured_media":8129,"comment_status":"open","ping_status":"open","sticky":false,"template":"","format":"standard","meta":{"_jetpack_newsletter_access":"","_jetpack_dont_email_post_to_subs":false,"_jetpack_newsletter_tier_id":0,"_jetpack_memberships_contains_paywalled_content":false,"_jetpack_memberships_contains_paid_content":false,"footnotes":""},"categories":[1],"tags":[],"class_list":["post-8128","post","type-post","status-publish","format-standard","has-post-thumbnail","hentry","category-destaque"],"jetpack_sharing_enabled":true,"jetpack_featured_media_url":"","_links":{"self":[{"href":"https:\/\/www.oparanews.com.br\/index.php\/wp-json\/wp\/v2\/posts\/8128","targetHints":{"allow":["GET"]}}],"collection":[{"href":"https:\/\/www.oparanews.com.br\/index.php\/wp-json\/wp\/v2\/posts"}],"about":[{"href":"https:\/\/www.oparanews.com.br\/index.php\/wp-json\/wp\/v2\/types\/post"}],"author":[{"embeddable":true,"href":"https:\/\/www.oparanews.com.br\/index.php\/wp-json\/wp\/v2\/users\/1"}],"replies":[{"embeddable":true,"href":"https:\/\/www.oparanews.com.br\/index.php\/wp-json\/wp\/v2\/comments?post=8128"}],"version-history":[{"count":0,"href":"https:\/\/www.oparanews.com.br\/index.php\/wp-json\/wp\/v2\/posts\/8128\/revisions"}],"wp:attachment":[{"href":"https:\/\/www.oparanews.com.br\/index.php\/wp-json\/wp\/v2\/media?parent=8128"}],"wp:term":[{"taxonomy":"category","embeddable":true,"href":"https:\/\/www.oparanews.com.br\/index.php\/wp-json\/wp\/v2\/categories?post=8128"},{"taxonomy":"post_tag","embeddable":true,"href":"https:\/\/www.oparanews.com.br\/index.php\/wp-json\/wp\/v2\/tags?post=8128"}],"curies":[{"name":"wp","href":"https:\/\/api.w.org\/{rel}","templated":true}]}}