{"id":8131,"date":"2020-07-20T17:57:23","date_gmt":"2020-07-20T17:57:23","guid":{"rendered":"https:\/\/oparanews.com.br\/?p=8131"},"modified":"2020-07-20T17:57:23","modified_gmt":"2020-07-20T17:57:23","slug":"conmebol-define-tabela-de-jogos-para-a-retomada-do-torneio-em-setembro","status":"publish","type":"post","link":"https:\/\/www.oparanews.com.br\/index.php\/2020\/07\/20\/conmebol-define-tabela-de-jogos-para-a-retomada-do-torneio-em-setembro\/","title":{"rendered":"Conmebol define tabela de jogos para a retomada do torneio em setembro"},"content":{"rendered":"<p>Nesta segunda, a Conmebol anunciou a tabela detalhada com todos as partidas para a retomada do torneio a partir de setembro. As mudan\u00e7as ocorreram devido \u00e0 paralisa\u00e7\u00e3o de mais de seis meses em virtude da pandemia global de coronav\u00edrus, que virou o mundo do avesso.<\/p>\n<p>Neste sentido, a competi\u00e7\u00e3o volta no dia 15 de setembro, na terceira rodada da fase de grupos. Dos brasileiros, o Athletico ser\u00e1 o primeiro a voltar a campo, contra o Jorge Wilstermann, da Bol\u00edvia, \u00e0s 19h15 (hor\u00e1rio de Bras\u00edlia). No mesmo dia, por\u00e9m \u00e0s 21h30, o Santos recebe o Olimpia, na Vila Belmiro.<\/p>\n<p>No dia seguinte, quarta-feira, o Internacional joga contra o Am\u00e9rica de Cali (COL), \u00e0s 19h15, no Beira-Rio. Seu maior rival, o Gr\u00eamio, visita a Universidad Cat\u00f3lica, \u00e0s 21h30. O Palmeiras, por sua vez, encara o Bol\u00edvar, fora de casa, \u00e0s 21h30.<\/p>\n<p>Por fim, na quinta-feira, dia 17, o S\u00e3o Paulo recebe o River Plate, no Morumbi, \u00e0s 19h. J\u00e1 o Flamengo visita o Independiente del Valle, \u00e0s 21h. Cabe salientar que a final da competi\u00e7\u00e3o est\u00e1 prevista para janeiro de 2021, inicialmente no Maracan\u00e3.<\/p>\n<p>Vale lembrar que o retorno da Copa Libertadores foi aprovado pelo Conselho da Conmebol no dia 10 de julho. A entidade garantiu a volta da competi\u00e7\u00e3o e j\u00e1 formulou protocolos de m\u00e9dicos e operacionais para a realiza\u00e7\u00e3o dos das partidas. J\u00e1 a Copa Sul-Americana come\u00e7ar\u00e1 no dia 27 de outubro.<\/p>\n<p>Jogos do Flamengo<br \/>\n17\/9 &#8211; Independiente del Valle (f) &#8211; 21h<br \/>\n22\/9 &#8211; Barcelona-EQU (f) &#8211; 19h15<br \/>\n30\/9 &#8211; Independiente del Valle (c) &#8211; 21h30<br \/>\n21\/10 &#8211; Junior Barranquilla (c) &#8211; 21h30<\/p>\n<p>Jogos do Palmeiras<br \/>\n16\/9 &#8211; Bol\u00edvar (f) &#8211; 21h30<br \/>\n23\/9 &#8211; Guarani-PAR (f) &#8211; 21h30<br \/>\n30\/9 &#8211; Bol\u00edvar (c) &#8211; 19h15<br \/>\n21\/10 &#8211; Tigre (c) &#8211; 21h30<\/p>\n<p>Jogos do S\u00e3o Paulo<br \/>\n17\/9 &#8211; River Plate (c) &#8211; 19h<br \/>\n22\/9 &#8211; LDU-EQU (f) &#8211; 21h30<br \/>\n20\/10 &#8211; Binacional (c) &#8211; 21h30<\/p>\n<p>Jogos do Santos<br \/>\n16\/9 &#8211; Olimpia (c) &#8211; 21h30<br \/>\n24\/9 &#8211; Delf\u00edn-EQU (f) &#8211; 23h<br \/>\n30\/9 &#8211; Olimpia (f) &#8211; 19h<br \/>\n20\/10 &#8211; Defensa y Justicia (c) &#8211; 19h15<\/p>\n<p>Jogos do Gr\u00eamio<br \/>\n16\/9 &#8211; Universidad Cat\u00f3lica (f) &#8211; 21h30<br \/>\n23\/9 &#8211; Internacional (f) &#8211; 21h30<br \/>\n30\/9 &#8211; Universidad Cat\u00f3lica (c) &#8211; 19h15<br \/>\n22\/10 &#8211; Am\u00e9rica de Cali (c) &#8211; 21h30<\/p>\n<p>Jogos do Internacional<br \/>\n16\/9 &#8211; Am\u00e9rica de Cali (c) &#8211; 19h15<br \/>\n23\/9 &#8211; Gr\u00eamio (c) &#8211; 21h30<br \/>\n29\/9 &#8211; Am\u00e9rica de Cali (f) &#8211; 21h30<br \/>\n22\/10 &#8211; Universidad Cat\u00f3lica (f) &#8211; 21h30<\/p>\n<p>Jogos do Athletico<br \/>\n16\/9 &#8211; Jorge Wilstermann (f) &#8211; 19h15<br \/>\n23\/9 &#8211; Colo Colo (c) &#8211; 19h15<br \/>\n29\/9 &#8211; Jorge Wilstermann (c) &#8211; 21h30<br \/>\n20\/10 &#8211; Pe\u00f1arol (f) &#8211; 21h30<\/p>\n<p>&nbsp;<\/p>\n<p><strong>Fonte: LANCE<\/strong><\/p>\n<p>&nbsp;<\/p>\n","protected":false},"excerpt":{"rendered":"<p>Nesta segunda, a Conmebol anunciou a tabela detalhada com todos as partidas para a retomada do torneio a partir de setembro. As mudan\u00e7as ocorreram devido \u00e0 paralisa\u00e7\u00e3o de mais de seis meses em virtude da pandemia global de coronav\u00edrus, que virou o mundo do avesso. Neste sentido, a competi\u00e7\u00e3o volta no dia 15 de setembro, &hellip;<\/p>\n","protected":false},"author":1,"featured_media":8132,"comment_status":"open","ping_status":"open","sticky":false,"template":"","format":"standard","meta":{"_jetpack_newsletter_access":"","_jetpack_dont_email_post_to_subs":false,"_jetpack_newsletter_tier_id":0,"_jetpack_memberships_contains_paywalled_content":false,"_jetpack_memberships_contains_paid_content":false,"footnotes":""},"categories":[1],"tags":[],"class_list":["post-8131","post","type-post","status-publish","format-standard","has-post-thumbnail","hentry","category-destaque"],"jetpack_sharing_enabled":true,"jetpack_featured_media_url":"","_links":{"self":[{"href":"https:\/\/www.oparanews.com.br\/index.php\/wp-json\/wp\/v2\/posts\/8131","targetHints":{"allow":["GET"]}}],"collection":[{"href":"https:\/\/www.oparanews.com.br\/index.php\/wp-json\/wp\/v2\/posts"}],"about":[{"href":"https:\/\/www.oparanews.com.br\/index.php\/wp-json\/wp\/v2\/types\/post"}],"author":[{"embeddable":true,"href":"https:\/\/www.oparanews.com.br\/index.php\/wp-json\/wp\/v2\/users\/1"}],"replies":[{"embeddable":true,"href":"https:\/\/www.oparanews.com.br\/index.php\/wp-json\/wp\/v2\/comments?post=8131"}],"version-history":[{"count":0,"href":"https:\/\/www.oparanews.com.br\/index.php\/wp-json\/wp\/v2\/posts\/8131\/revisions"}],"wp:attachment":[{"href":"https:\/\/www.oparanews.com.br\/index.php\/wp-json\/wp\/v2\/media?parent=8131"}],"wp:term":[{"taxonomy":"category","embeddable":true,"href":"https:\/\/www.oparanews.com.br\/index.php\/wp-json\/wp\/v2\/categories?post=8131"},{"taxonomy":"post_tag","embeddable":true,"href":"https:\/\/www.oparanews.com.br\/index.php\/wp-json\/wp\/v2\/tags?post=8131"}],"curies":[{"name":"wp","href":"https:\/\/api.w.org\/{rel}","templated":true}]}}