{"id":8142,"date":"2020-07-21T00:04:29","date_gmt":"2020-07-21T00:04:29","guid":{"rendered":"https:\/\/oparanews.com.br\/?p=8142"},"modified":"2020-07-21T00:04:29","modified_gmt":"2020-07-21T00:04:29","slug":"seu-rg-chegou-em-penedo-saiba-o-que-fazer-para-pegar-o-documento","status":"publish","type":"post","link":"https:\/\/www.oparanews.com.br\/index.php\/2020\/07\/21\/seu-rg-chegou-em-penedo-saiba-o-que-fazer-para-pegar-o-documento\/","title":{"rendered":"Seu RG chegou em Penedo! Saiba o que fazer para pegar o documento"},"content":{"rendered":"<p>Quem foi ao Posto J\u00e1! de Penedo e deu entrada na carteira de identidade at\u00e9 o in\u00edcio da pandemia do novo coronav\u00edrus, quando o servi\u00e7o foi suspenso, poder\u00e1 pegar o documento a partir desta ter\u00e7a-feira, 21.<\/p>\n<p>A entrega do RG (Registro Geral, denomina\u00e7\u00e3o oficial da popular carteira de identidade) ser\u00e1 feita de maneira ordenada, seguindo ordem alfab\u00e9tica, e mediante apresenta\u00e7\u00e3o do protocolo que a pessoa recebeu no ato da solicita\u00e7\u00e3o do documento.<\/p>\n<p>O calend\u00e1rio da a\u00e7\u00e3o desenvolvida em parceria entre o Governo de Alagoas e a Prefeitura de Penedo prev\u00ea que o primeiro dia da entrega do RG \u00e9 amanh\u00e3 e ser\u00e1 espec\u00edfico para pessoas cujo nome come\u00e7a com a letra A, B, C, D, E ou F.<\/p>\n<p>Na quarta-feira, 22, recebe quem tem o primeiro nome iniciado com uma das seguintes letras: G, H, I, J, K ou L. No dia seguinte, o mutir\u00e3o de entrega do RG em Penedo ser\u00e1 direcionado para pessoas cuja identifica\u00e7\u00e3o pessoal come\u00e7a com a letra M, N, O, P ou Q.<\/p>\n<p>A retirada da carteira de identidade ser\u00e1 conclu\u00edda na sexta-feira, 24, para atender quem tem o primeiro nome iniciado com a letra R, S, T, U, V, X, W, Y ou Z.<\/p>\n<p><a href=\"https:\/\/oparanews.com.br\/wp-content\/uploads\/2020\/07\/Sem-t\u00edtulo-163.jpg\"><img loading=\"lazy\" decoding=\"async\" class=\"aligncenter size-full wp-image-8144\" src=\"https:\/\/oparanews.com.br\/wp-content\/uploads\/2020\/07\/Sem-t\u00edtulo-163.jpg\" alt=\"\" width=\"1280\" height=\"1513\" \/><\/a><\/p>\n<p><strong>Local de Entrega<\/strong><\/p>\n<p>Considerando que a sede do Posto J\u00e1 iria propiciar a aglomera\u00e7\u00e3o de pessoas, a entrega da carteira de identidade em Penedo ser\u00e1 feita na antiga sede do Cadastro \u00danico, im\u00f3vel situado pr\u00f3ximo do Cart\u00f3rio Eleitoral, na Rodovia Engenheiro Joaquim Gon\u00e7alves.<\/p>\n<p>O local ser\u00e1 aberto ao p\u00fablico a partir das 8 horas, funcionado at\u00e9 o meio-dia, com pausa para almo\u00e7o. O servi\u00e7o volta a funcionar a partir das 14 horas, encerrando \u00e0s 17 h.<\/p>\n<p><strong>Acesso<\/strong><\/p>\n<p>A organiza\u00e7\u00e3o do mutir\u00e3o de entrega dos RGs segue as recomenda\u00e7\u00f5es relacionadas com a Covid-19, controlando o acesso ao interior do im\u00f3vel. Haver\u00e1 permiss\u00e3o de entrada apenas para quem estiver no dia correto, conforme o calend\u00e1rio que segue ordem alfab\u00e9tica.<\/p>\n<p>Quem n\u00e3o puder retirar pessoalmente, deve entregar o protocolo para entrega do RG a um parente \u2013 n\u00e3o pode ser um amigo, ou pessoa sem la\u00e7o familiar \u2013 que tamb\u00e9m precisar\u00e1 apresentar a certid\u00e3o original de nascimento ou de casamento do titular do documento.<\/p>\n<p>Quem n\u00e3o estiver com esses documentos, n\u00e3o ter\u00e1 acesso ao local para evitar aglomera\u00e7\u00e3o. Portanto, preste aten\u00e7\u00e3o ao calend\u00e1rio e n\u00e3o esque\u00e7a de levar os documentos necess\u00e1rios para poder pegar sua carteira de identidade.<\/p>\n<p>&nbsp;<\/p>\n<p><strong>por Fernando Vin\u00edcius \u2013 Decom PMP<\/strong><\/p>\n<p>&nbsp;<\/p>\n","protected":false},"excerpt":{"rendered":"<p>Quem foi ao Posto J\u00e1! de Penedo e deu entrada na carteira de identidade at\u00e9 o in\u00edcio da pandemia do novo coronav\u00edrus, quando o servi\u00e7o foi suspenso, poder\u00e1 pegar o documento a partir desta ter\u00e7a-feira, 21. A entrega do RG (Registro Geral, denomina\u00e7\u00e3o oficial da popular carteira de identidade) ser\u00e1 feita de maneira ordenada, seguindo &hellip;<\/p>\n","protected":false},"author":1,"featured_media":8143,"comment_status":"open","ping_status":"open","sticky":false,"template":"","format":"standard","meta":{"_jetpack_newsletter_access":"","_jetpack_dont_email_post_to_subs":false,"_jetpack_newsletter_tier_id":0,"_jetpack_memberships_contains_paywalled_content":false,"_jetpack_memberships_contains_paid_content":false,"footnotes":""},"categories":[1],"tags":[],"class_list":["post-8142","post","type-post","status-publish","format-standard","has-post-thumbnail","hentry","category-destaque"],"jetpack_sharing_enabled":true,"jetpack_featured_media_url":"","_links":{"self":[{"href":"https:\/\/www.oparanews.com.br\/index.php\/wp-json\/wp\/v2\/posts\/8142","targetHints":{"allow":["GET"]}}],"collection":[{"href":"https:\/\/www.oparanews.com.br\/index.php\/wp-json\/wp\/v2\/posts"}],"about":[{"href":"https:\/\/www.oparanews.com.br\/index.php\/wp-json\/wp\/v2\/types\/post"}],"author":[{"embeddable":true,"href":"https:\/\/www.oparanews.com.br\/index.php\/wp-json\/wp\/v2\/users\/1"}],"replies":[{"embeddable":true,"href":"https:\/\/www.oparanews.com.br\/index.php\/wp-json\/wp\/v2\/comments?post=8142"}],"version-history":[{"count":0,"href":"https:\/\/www.oparanews.com.br\/index.php\/wp-json\/wp\/v2\/posts\/8142\/revisions"}],"wp:attachment":[{"href":"https:\/\/www.oparanews.com.br\/index.php\/wp-json\/wp\/v2\/media?parent=8142"}],"wp:term":[{"taxonomy":"category","embeddable":true,"href":"https:\/\/www.oparanews.com.br\/index.php\/wp-json\/wp\/v2\/categories?post=8142"},{"taxonomy":"post_tag","embeddable":true,"href":"https:\/\/www.oparanews.com.br\/index.php\/wp-json\/wp\/v2\/tags?post=8142"}],"curies":[{"name":"wp","href":"https:\/\/api.w.org\/{rel}","templated":true}]}}