{"id":8151,"date":"2020-07-21T17:14:05","date_gmt":"2020-07-21T17:14:05","guid":{"rendered":"https:\/\/oparanews.com.br\/?p=8151"},"modified":"2020-07-21T17:14:05","modified_gmt":"2020-07-21T17:14:05","slug":"balsas-que-fazem-a-travessia-penedo-neopolis-voltam-a-funcionar","status":"publish","type":"post","link":"https:\/\/www.oparanews.com.br\/index.php\/2020\/07\/21\/balsas-que-fazem-a-travessia-penedo-neopolis-voltam-a-funcionar\/","title":{"rendered":"Balsas que fazem a travessia Penedo- Ne\u00f3polis voltam a funcionar"},"content":{"rendered":"<p>As balsas que fazem o percurso Penedo-Ne\u00f3polis que estavam paradas por conta da Pandemia do novo Coronav\u00edrus retornaram nesta ter\u00e7a-feira (21), suas atividades.<\/p>\n<p>Com o hor\u00e1rio de funcionamento alterado, prestando o servi\u00e7o de transporte de ve\u00edculos no Rio S\u00e3o Francisco das 06 \u00e1s 19h30, as balsas retornaram ap\u00f3s mais de 100 dias paradas.<\/p>\n<p>O retorno das balsas havia sido anunciado pelo Secret\u00e1rio Municipal de Sa\u00fade, Marcos Beltr\u00e3o , em entrevista a r\u00e1dio Penedo FM na \u00faltima sexta-feira (17).<\/p>\n<p><strong>Medidas<\/strong><\/p>\n<p>De acordo com o membro do Comit\u00ea de Gerenciamento de Crise, Maciel Oliveira, al\u00e9m da redu\u00e7\u00e3o do hor\u00e1rio de funcionamento das balsas por conta da pandemia, outras medidas devem ser seguida por parte dos prestadores do servi\u00e7o e clientes, para evitar a prolifera\u00e7\u00e3o do novo coronav\u00edrus<\/p>\n<p>Entre as medidas adotadas est\u00e1 a obriga\u00e7\u00e3o do uso de m\u00e1scaras dentro da balsa, por parte de todos passageiros, motoristas e tripulantes.<\/p>\n<p>Al\u00e9m disso est\u00e1 sendo obrigat\u00f3rio, a perman\u00eancia dos passageiros dentro de seus ve\u00edculos durante a travessia, sendo proibida a circula\u00e7\u00e3o de pessoas dentro embarca\u00e7\u00e3o.<\/p>\n<p>Outra medida adotada \u00e9 a obriga\u00e7\u00e3o por parte da empresa que presta o servi\u00e7o de transporte por meio das balsas, a disponibilizar \u00e1lcool em gel para os passageiros.<\/p>\n<p><strong>Procedimentos<\/strong><\/p>\n<p>De acordo com Maciel Oliveira, ao chegar em Penedo, os passageiros devem antes de sair da rampa que da acesso a cidade, passar primeiro pelas barreira sanit\u00e1ria, localizada no porto.<\/p>\n<p>L\u00e1 os profissionais presentes atestar\u00e3o a temperatura dos passageiros, para verificar um poss\u00edvel estado febril, um dos indicativos de que a pessoa pode estar com Covid-19.<\/p>\n<p>\u201cTodos devem realizar esse procedimento padr\u00e3o antes de liberar a entrada na cidade. \u00c9 importante destacar que apesar da flexibiliza\u00e7\u00e3o, o ideal \u00e9 que s\u00f3 saia de casa quando realmente precisar\u201d<\/p>\n<p>&nbsp;<\/p>\n<p><strong>por Thiago Sobral &#8211; Decom (PMP)<\/strong><\/p>\n<p>&nbsp;<\/p>\n","protected":false},"excerpt":{"rendered":"<p>As balsas que fazem o percurso Penedo-Ne\u00f3polis que estavam paradas por conta da Pandemia do novo Coronav\u00edrus retornaram nesta ter\u00e7a-feira (21), suas atividades. Com o hor\u00e1rio de funcionamento alterado, prestando o servi\u00e7o de transporte de ve\u00edculos no Rio S\u00e3o Francisco das 06 \u00e1s 19h30, as balsas retornaram ap\u00f3s mais de 100 dias paradas. O retorno &hellip;<\/p>\n","protected":false},"author":1,"featured_media":8152,"comment_status":"open","ping_status":"open","sticky":false,"template":"","format":"standard","meta":{"_jetpack_newsletter_access":"","_jetpack_dont_email_post_to_subs":false,"_jetpack_newsletter_tier_id":0,"_jetpack_memberships_contains_paywalled_content":false,"_jetpack_memberships_contains_paid_content":false,"footnotes":""},"categories":[1],"tags":[],"class_list":["post-8151","post","type-post","status-publish","format-standard","has-post-thumbnail","hentry","category-destaque"],"jetpack_sharing_enabled":true,"jetpack_featured_media_url":"","_links":{"self":[{"href":"https:\/\/www.oparanews.com.br\/index.php\/wp-json\/wp\/v2\/posts\/8151","targetHints":{"allow":["GET"]}}],"collection":[{"href":"https:\/\/www.oparanews.com.br\/index.php\/wp-json\/wp\/v2\/posts"}],"about":[{"href":"https:\/\/www.oparanews.com.br\/index.php\/wp-json\/wp\/v2\/types\/post"}],"author":[{"embeddable":true,"href":"https:\/\/www.oparanews.com.br\/index.php\/wp-json\/wp\/v2\/users\/1"}],"replies":[{"embeddable":true,"href":"https:\/\/www.oparanews.com.br\/index.php\/wp-json\/wp\/v2\/comments?post=8151"}],"version-history":[{"count":0,"href":"https:\/\/www.oparanews.com.br\/index.php\/wp-json\/wp\/v2\/posts\/8151\/revisions"}],"wp:attachment":[{"href":"https:\/\/www.oparanews.com.br\/index.php\/wp-json\/wp\/v2\/media?parent=8151"}],"wp:term":[{"taxonomy":"category","embeddable":true,"href":"https:\/\/www.oparanews.com.br\/index.php\/wp-json\/wp\/v2\/categories?post=8151"},{"taxonomy":"post_tag","embeddable":true,"href":"https:\/\/www.oparanews.com.br\/index.php\/wp-json\/wp\/v2\/tags?post=8151"}],"curies":[{"name":"wp","href":"https:\/\/api.w.org\/{rel}","templated":true}]}}