{"id":8163,"date":"2020-07-21T18:50:41","date_gmt":"2020-07-21T18:50:41","guid":{"rendered":"https:\/\/oparanews.com.br\/?p=8163"},"modified":"2020-07-21T18:50:41","modified_gmt":"2020-07-21T18:50:41","slug":"farmacias-registram-aumento-nos-resultados-positivos-para-covid-19","status":"publish","type":"post","link":"https:\/\/www.oparanews.com.br\/index.php\/2020\/07\/21\/farmacias-registram-aumento-nos-resultados-positivos-para-covid-19\/","title":{"rendered":"Farm\u00e1cias registram aumento nos resultados positivos para Covid-19"},"content":{"rendered":"<p>Um estudo realizado pela Associa\u00e7\u00e3o Brasileira das Redes de Farm\u00e1cias e Drogarias (Abrafarma) apontou que Alagoas registrou, entre 6 e 12 de julho, um aumento de 2,2% nos casos positivos de testes para Covid-19 realizados em farm\u00e1cias do estado, quando comparado com a semana anterior.<\/p>\n<p>O estado atingiu o n\u00famero de 292 testes positivos realizados em 14 farm\u00e1cias associadas \u00e0 Abrafarma, sendo 17,9% do total de 1.631 testes realizados em todo territ\u00f3rio alagoano. O n\u00famero de resultados negativos ainda \u00e9 bem superior, somando 1.339. Alagoas \u00e9 o 14\u00ba estado em n\u00famero de testes para Covid-19 em farm\u00e1cias.<\/p>\n<p>Segundo a Abrafarma, em todo o Brasil, 251.980 pacientes j\u00e1 foram testados, 36.333 desses tiveram resultado positivo e 215.647, negativo, com dados correspondentes ao per\u00edodo de 6 de maio a 12 de julho. O estudo indica, ainda, que, a cada semana, o n\u00famero de testes aplicados segue em evolu\u00e7\u00e3o. Entre os dias 6 de julho e 12 de julho, 55.451 pessoas submeteram-se ao procedimento.<\/p>\n<p>Os kits adquiridos pelas farm\u00e1cias t\u00eam registro na Anvisa e passam por um minucioso crit\u00e9rio de avalia\u00e7\u00e3o. A an\u00e1lise \u00e9 realizada pela Sociedade Brasileira de An\u00e1lises Cl\u00ednicas (SBAC), Sociedade Brasileira de Patologia Cl\u00ednica e Medicina Laboratorial (SBPC\/ML), Associa\u00e7\u00e3o Brasileira de Medicina Diagn\u00f3stica (Abramed) e C\u00e2mara Brasileira de Diagn\u00f3stico Laboratorial (CBDL).<\/p>\n<p>&nbsp;<\/p>\n<p><strong>Fonte: Gazetaweb<\/strong><\/p>\n<p>&nbsp;<\/p>\n","protected":false},"excerpt":{"rendered":"<p>Um estudo realizado pela Associa\u00e7\u00e3o Brasileira das Redes de Farm\u00e1cias e Drogarias (Abrafarma) apontou que Alagoas registrou, entre 6 e 12 de julho, um aumento de 2,2% nos casos positivos de testes para Covid-19 realizados em farm\u00e1cias do estado, quando comparado com a semana anterior. O estado atingiu o n\u00famero de 292 testes positivos realizados &hellip;<\/p>\n","protected":false},"author":1,"featured_media":8164,"comment_status":"open","ping_status":"open","sticky":false,"template":"","format":"standard","meta":{"_jetpack_newsletter_access":"","_jetpack_dont_email_post_to_subs":false,"_jetpack_newsletter_tier_id":0,"_jetpack_memberships_contains_paywalled_content":false,"_jetpack_memberships_contains_paid_content":false,"footnotes":""},"categories":[1],"tags":[],"class_list":["post-8163","post","type-post","status-publish","format-standard","has-post-thumbnail","hentry","category-destaque"],"jetpack_sharing_enabled":true,"jetpack_featured_media_url":"","_links":{"self":[{"href":"https:\/\/www.oparanews.com.br\/index.php\/wp-json\/wp\/v2\/posts\/8163","targetHints":{"allow":["GET"]}}],"collection":[{"href":"https:\/\/www.oparanews.com.br\/index.php\/wp-json\/wp\/v2\/posts"}],"about":[{"href":"https:\/\/www.oparanews.com.br\/index.php\/wp-json\/wp\/v2\/types\/post"}],"author":[{"embeddable":true,"href":"https:\/\/www.oparanews.com.br\/index.php\/wp-json\/wp\/v2\/users\/1"}],"replies":[{"embeddable":true,"href":"https:\/\/www.oparanews.com.br\/index.php\/wp-json\/wp\/v2\/comments?post=8163"}],"version-history":[{"count":0,"href":"https:\/\/www.oparanews.com.br\/index.php\/wp-json\/wp\/v2\/posts\/8163\/revisions"}],"wp:attachment":[{"href":"https:\/\/www.oparanews.com.br\/index.php\/wp-json\/wp\/v2\/media?parent=8163"}],"wp:term":[{"taxonomy":"category","embeddable":true,"href":"https:\/\/www.oparanews.com.br\/index.php\/wp-json\/wp\/v2\/categories?post=8163"},{"taxonomy":"post_tag","embeddable":true,"href":"https:\/\/www.oparanews.com.br\/index.php\/wp-json\/wp\/v2\/tags?post=8163"}],"curies":[{"name":"wp","href":"https:\/\/api.w.org\/{rel}","templated":true}]}}