{"id":8166,"date":"2020-07-22T01:52:51","date_gmt":"2020-07-22T01:52:51","guid":{"rendered":"https:\/\/oparanews.com.br\/?p=8166"},"modified":"2020-07-22T01:52:51","modified_gmt":"2020-07-22T01:52:51","slug":"onibus-coletivos-voltam-a-circular-nessa-quarta-feira-22-em-penedo","status":"publish","type":"post","link":"https:\/\/www.oparanews.com.br\/index.php\/2020\/07\/22\/onibus-coletivos-voltam-a-circular-nessa-quarta-feira-22-em-penedo\/","title":{"rendered":"\u00d4nibus coletivos voltam a circular nessa quarta-feira (22) em Penedo"},"content":{"rendered":"<p>Os \u00f4nibus coletivos que fazem o transporte de passageiros em Penedo voltar\u00e3o a circular amanh\u00e3, quarta-feira, 22 de julho, com 50% de sua capacidade, ap\u00f3s tr\u00eas meses paralisado o servi\u00e7o, com o objetivo de prevenir a prolifera\u00e7\u00e3o do novo Coronav\u00edrus.<\/p>\n<p>Em entrevista a R\u00e1dio Penedo FM, o membro do Comit\u00ea de Gerenciamento de Crise, Maciel Oliveira falou sobre as principais quest\u00f5es ligadas ao tema.<\/p>\n<p>De acordo com Maciel Oliveira, os \u00f4nibus circular\u00e3o com 50% de sua capacidade, sendo o cumprimento desse e dos demais requisitos fiscalizados.<\/p>\n<p>Outro ponto definido foi com rela\u00e7\u00e3o aos hor\u00e1rios de circula\u00e7\u00e3o, na qual, os \u00f4nibus ter\u00e3o que circular em hor\u00e1rios alternados, seguindo o cronograma oficial que ser\u00e1 divulgado posteriormente.<\/p>\n<p>\u201cOs \u00f4nibus coletivos ir\u00e3o circular pelas ruas de Penedo com intervalos de meia em meia hora, em uma parte do dia, e de uma em uma hora, na outra parte\u201d, afirmou.<\/p>\n<p>Ele explicou ainda que 10% das vagas autorizadas nos transportes coletivos ser\u00e3o destinadas as pessoas com defici\u00eancia e idosos, grupos beneficiados com a gratuidade. Os vales transportes tamb\u00e9m continuar\u00e3o sendo aceitos.<\/p>\n<p>Por\u00e9m n\u00e3o ser\u00e3o aceitos passes estudantis, j\u00e1 que as aulas est\u00e3o suspensas por conta da pandemia de Covid-19.<\/p>\n<p>&nbsp;<\/p>\n<p><strong>por Thiago Sobral &#8211; Decom (PMP)<\/strong><\/p>\n<p>&nbsp;<\/p>\n","protected":false},"excerpt":{"rendered":"<p>Os \u00f4nibus coletivos que fazem o transporte de passageiros em Penedo voltar\u00e3o a circular amanh\u00e3, quarta-feira, 22 de julho, com 50% de sua capacidade, ap\u00f3s tr\u00eas meses paralisado o servi\u00e7o, com o objetivo de prevenir a prolifera\u00e7\u00e3o do novo Coronav\u00edrus. Em entrevista a R\u00e1dio Penedo FM, o membro do Comit\u00ea de Gerenciamento de Crise, Maciel &hellip;<\/p>\n","protected":false},"author":1,"featured_media":8168,"comment_status":"open","ping_status":"open","sticky":false,"template":"","format":"standard","meta":{"_jetpack_newsletter_access":"","_jetpack_dont_email_post_to_subs":false,"_jetpack_newsletter_tier_id":0,"_jetpack_memberships_contains_paywalled_content":false,"_jetpack_memberships_contains_paid_content":false,"footnotes":""},"categories":[1],"tags":[],"class_list":["post-8166","post","type-post","status-publish","format-standard","has-post-thumbnail","hentry","category-destaque"],"jetpack_sharing_enabled":true,"jetpack_featured_media_url":"","_links":{"self":[{"href":"https:\/\/www.oparanews.com.br\/index.php\/wp-json\/wp\/v2\/posts\/8166","targetHints":{"allow":["GET"]}}],"collection":[{"href":"https:\/\/www.oparanews.com.br\/index.php\/wp-json\/wp\/v2\/posts"}],"about":[{"href":"https:\/\/www.oparanews.com.br\/index.php\/wp-json\/wp\/v2\/types\/post"}],"author":[{"embeddable":true,"href":"https:\/\/www.oparanews.com.br\/index.php\/wp-json\/wp\/v2\/users\/1"}],"replies":[{"embeddable":true,"href":"https:\/\/www.oparanews.com.br\/index.php\/wp-json\/wp\/v2\/comments?post=8166"}],"version-history":[{"count":0,"href":"https:\/\/www.oparanews.com.br\/index.php\/wp-json\/wp\/v2\/posts\/8166\/revisions"}],"wp:attachment":[{"href":"https:\/\/www.oparanews.com.br\/index.php\/wp-json\/wp\/v2\/media?parent=8166"}],"wp:term":[{"taxonomy":"category","embeddable":true,"href":"https:\/\/www.oparanews.com.br\/index.php\/wp-json\/wp\/v2\/categories?post=8166"},{"taxonomy":"post_tag","embeddable":true,"href":"https:\/\/www.oparanews.com.br\/index.php\/wp-json\/wp\/v2\/tags?post=8166"}],"curies":[{"name":"wp","href":"https:\/\/api.w.org\/{rel}","templated":true}]}}