{"id":8183,"date":"2020-07-22T02:24:21","date_gmt":"2020-07-22T02:24:21","guid":{"rendered":"https:\/\/oparanews.com.br\/?p=8183"},"modified":"2020-07-22T02:24:21","modified_gmt":"2020-07-22T02:24:21","slug":"aneel-mantem-proibicao-de-corte-de-energia-para-baixa-renda","status":"publish","type":"post","link":"https:\/\/www.oparanews.com.br\/index.php\/2020\/07\/22\/aneel-mantem-proibicao-de-corte-de-energia-para-baixa-renda\/","title":{"rendered":"Aneel mant\u00e9m proibi\u00e7\u00e3o de corte de energia para baixa renda"},"content":{"rendered":"<p>A Ag\u00eancia Nacional de Energia El\u00e9trica (Aneel) decidiu manter a proibi\u00e7\u00e3o do corte de energia por falta de pagamento de consumidores de baixa renda. Al\u00e9m disso, resid\u00eancias cujo fornecimento de energia seja fundamental para preserva\u00e7\u00e3o da vida tamb\u00e9m continuam com o corte de energia proibido.<\/p>\n<p>A decis\u00e3o vem com a revis\u00e3o de uma resolu\u00e7\u00e3o normativa de mar\u00e7o. Na ocasi\u00e3o, todas as resid\u00eancias urbanas e rurais inadimplentes n\u00e3o poderiam ter a luz cortada. A partir de 1\u00ba de agosto, essa restri\u00e7\u00e3o ser\u00e1 reduzida e vigorar\u00e1 at\u00e9 31 de dezembro.<\/p>\n<p>Al\u00e9m das fam\u00edlias de baixa renda e casas cujo fornecimento seja fundamental, o corte continua proibido em resid\u00eancias que deixaram de receber a fatura impressa sem autoriza\u00e7\u00e3o do consumidor e naquelas localizadas em locais sem postos de arrecada\u00e7\u00e3o (como bancos e lot\u00e9ricas) em funcionamento.<\/p>\n<p>Tamb\u00e9m a partir de agosto as distribuidoras de energia devem retomar atividades como atendimento ao p\u00fablico e entrega de fatura impressa. Tamb\u00e9m devem voltar a ser cumpridos os requisitos e prazos de presta\u00e7\u00e3o de servi\u00e7os exigidos anteriormente.<\/p>\n<p>&nbsp;<\/p>\n<p><strong>Fonte: <span class=\"autorDataHora\">Ag\u00eancia Brasil<\/span><br \/>\n<\/strong><\/p>\n<p>&nbsp;<\/p>\n","protected":false},"excerpt":{"rendered":"<p>A Ag\u00eancia Nacional de Energia El\u00e9trica (Aneel) decidiu manter a proibi\u00e7\u00e3o do corte de energia por falta de pagamento de consumidores de baixa renda. Al\u00e9m disso, resid\u00eancias cujo fornecimento de energia seja fundamental para preserva\u00e7\u00e3o da vida tamb\u00e9m continuam com o corte de energia proibido. A decis\u00e3o vem com a revis\u00e3o de uma resolu\u00e7\u00e3o normativa &hellip;<\/p>\n","protected":false},"author":1,"featured_media":8184,"comment_status":"open","ping_status":"open","sticky":false,"template":"","format":"standard","meta":{"_jetpack_newsletter_access":"","_jetpack_dont_email_post_to_subs":false,"_jetpack_newsletter_tier_id":0,"_jetpack_memberships_contains_paywalled_content":false,"_jetpack_memberships_contains_paid_content":false,"footnotes":""},"categories":[1],"tags":[],"class_list":["post-8183","post","type-post","status-publish","format-standard","has-post-thumbnail","hentry","category-destaque"],"jetpack_sharing_enabled":true,"jetpack_featured_media_url":"","_links":{"self":[{"href":"https:\/\/www.oparanews.com.br\/index.php\/wp-json\/wp\/v2\/posts\/8183","targetHints":{"allow":["GET"]}}],"collection":[{"href":"https:\/\/www.oparanews.com.br\/index.php\/wp-json\/wp\/v2\/posts"}],"about":[{"href":"https:\/\/www.oparanews.com.br\/index.php\/wp-json\/wp\/v2\/types\/post"}],"author":[{"embeddable":true,"href":"https:\/\/www.oparanews.com.br\/index.php\/wp-json\/wp\/v2\/users\/1"}],"replies":[{"embeddable":true,"href":"https:\/\/www.oparanews.com.br\/index.php\/wp-json\/wp\/v2\/comments?post=8183"}],"version-history":[{"count":0,"href":"https:\/\/www.oparanews.com.br\/index.php\/wp-json\/wp\/v2\/posts\/8183\/revisions"}],"wp:attachment":[{"href":"https:\/\/www.oparanews.com.br\/index.php\/wp-json\/wp\/v2\/media?parent=8183"}],"wp:term":[{"taxonomy":"category","embeddable":true,"href":"https:\/\/www.oparanews.com.br\/index.php\/wp-json\/wp\/v2\/categories?post=8183"},{"taxonomy":"post_tag","embeddable":true,"href":"https:\/\/www.oparanews.com.br\/index.php\/wp-json\/wp\/v2\/tags?post=8183"}],"curies":[{"name":"wp","href":"https:\/\/api.w.org\/{rel}","templated":true}]}}