{"id":8186,"date":"2020-07-22T02:29:17","date_gmt":"2020-07-22T02:29:17","guid":{"rendered":"https:\/\/oparanews.com.br\/?p=8186"},"modified":"2020-07-22T02:29:17","modified_gmt":"2020-07-22T02:29:17","slug":"fortaleza-vira-sobre-o-america-rn-na-volta-do-nordestao","status":"publish","type":"post","link":"https:\/\/www.oparanews.com.br\/index.php\/2020\/07\/22\/fortaleza-vira-sobre-o-america-rn-na-volta-do-nordestao\/","title":{"rendered":"Fortaleza vira sobre o Am\u00e9rica-RN na volta do Nordest\u00e3o"},"content":{"rendered":"<p>Se na primeira etapa a &#8220;zebra&#8221; parecia querer pintar na volta da Copa do Nordeste no compromisso entre Fortaleza e Am\u00e9rica-RN, a entrada no tempo complementar de Wellington Paulista junto a melhora de desempenho do Le\u00e3o fez o 1 a 0 contr\u00e1rio se tornar em uma importante virada por 3 a 1 no est\u00e1dio do Barrad\u00e3o.<\/p>\n<p>J\u00e1 assegurado antes do in\u00edcio do jogo na pr\u00f3xima fase, o time dirigido por Rog\u00e9rio Ceni fez apenas ratificar sua primeira posi\u00e7\u00e3o do Grupo A com 17 pontos enquanto o Am\u00e9rica-RN termina sua participa\u00e7\u00e3o tendo conquistado seis pontos em oito rodadas.<\/p>\n<p><strong>DOM\u00cdNIO SEM VOLUME<\/strong><\/p>\n<p>A posse de bola com a troca de passes era feita de maneira uma tanto quanto lenta por parte do Le\u00e3o do Pici, facilitando o trabalho de recomposi\u00e7\u00e3o em linhas pr\u00f3ximas, que basicamente aguardava um erro do advers\u00e1rio para sair no contra-ataque, como parecia ser a estrat\u00e9gia explicita do Am\u00e9rica-RN. E, se o Tricolor n\u00e3o traduzia seu maior tempo com a posse em lances efetivamente perigosos, o Mec\u00e3o passou perto de abrir a contagem quando, na cobran\u00e7a de escanteio, a bola passou por Felipe Alves e teve a finaliza\u00e7\u00e3o prontamente bloqueada pela zaga aos 25 minutos.<\/p>\n<p><strong>N\u00c3O FEZ&#8230; LEVOU<\/strong><\/p>\n<p>Tr\u00eas minutos depois da sua melhor oportunidade, a zaga do Fortaleza errou na sa\u00edda de jogo e o meia Romarinho, por sua vez, em nada vacilou. Mesmo se desequilibrando, o camisa 10 do time potiguar acertou um lindo chute da lateral da grande \u00e1rea que foi no \u00e2ngulo esquerdo que, apesar do esfor\u00e7o de Felipe Alves pulando na bola, abriu o marcador no Barrad\u00e3o.<\/p>\n<p><strong>RECOME\u00c7O MAIS ANIMADO<\/strong><\/p>\n<p>Enquanto o autor do primeiro gol da partida (Romarinho) quase aumentou ap\u00f3s bola cruzada que atravessou a grande \u00e1rea advers\u00e1ria, mas acabou tendo seu chute bloqueado por Marlon, em duas oportunidades o Fortaleza poderia ter igualado as coisas em Salvador n\u00e3o fosse a firmeza do arqueiro Vitor Paiva antes dos 10 primeiros minutos. Al\u00e9m de batida forte de falta executada por Juninho, o camisa 1 do Am\u00e9rica foi essencial quando David, cara a cara e na marca do p\u00eanalti, tentou desloc\u00e1-lo na batida rasteira e viu Vitor se esticar todo para fazer uma grande interven\u00e7\u00e3o.<\/p>\n<p><strong>OPORTUNISMO<\/strong><\/p>\n<p>Com o passar do tempo, a diferen\u00e7a t\u00e9cnica come\u00e7ou a se combinar com o aspecto f\u00edsico (sendo o primeiro jogo do Mec\u00e3o em quatro meses) e a press\u00e3o do Fortaleza come\u00e7ou a aumentar gradativamente. Ao ponto onde, com 22 minutos, Vitor Paiva defendeu bem o chute de Juninho, mas viu o rebote cair para Carlinhos que chutou cruzado com Wellington Paulista completando de cabe\u00e7a pro fundo das redes. 1 a 1.<\/p>\n<p><strong>OPORTUNISMO, PARTE 2<\/strong><\/p>\n<p>Da mesma forma que o n\u00famero 9 do clube do Pici soube se posicionar para marcar o tento da igualdade, em uma mistura de precis\u00e3o de Osvaldo no passe com nova movimenta\u00e7\u00e3o bem feita do atacante o Fortaleza transformou o empate em vantagem no marcador do Manuel Barradas. Aos 34, o camisa 11 do time dirigido por Rog\u00e9rio Ceni cruzou e Wellington testou direcionando a bola para o canto esquerdo de Vitor Paiva que at\u00e9 tentou evitar, mas n\u00e3o conseguiu chegar.<\/p>\n<p><strong>FECHOU A CONTA<\/strong><\/p>\n<p>J\u00e1 nos acr\u00e9scimos do confronto, Osvaldo usou de sua velocidade e habilidade mais uma vez pra cima da defesa potiguar e, ao cair na grande \u00e1rea ap\u00f3s contato com Edimar, a arbitragem da sergipana Thayslane de Melo Costa marcou a penalidade. \u00c9derson foi pra bola e bateu firme no canto direito fazendo com que, mesmo chegando nela, o goleiro Vitor Paiva n\u00e3o conseguisse evitar o terceiro gol do Fortaleza.<\/p>\n<p>&nbsp;<\/p>\n<p><strong>Fonte: Terra<\/strong><\/p>\n<p>&nbsp;<\/p>\n","protected":false},"excerpt":{"rendered":"<p>Se na primeira etapa a &#8220;zebra&#8221; parecia querer pintar na volta da Copa do Nordeste no compromisso entre Fortaleza e Am\u00e9rica-RN, a entrada no tempo complementar de Wellington Paulista junto a melhora de desempenho do Le\u00e3o fez o 1 a 0 contr\u00e1rio se tornar em uma importante virada por 3 a 1 no est\u00e1dio do &hellip;<\/p>\n","protected":false},"author":1,"featured_media":8187,"comment_status":"open","ping_status":"open","sticky":false,"template":"","format":"standard","meta":{"_jetpack_newsletter_access":"","_jetpack_dont_email_post_to_subs":false,"_jetpack_newsletter_tier_id":0,"_jetpack_memberships_contains_paywalled_content":false,"_jetpack_memberships_contains_paid_content":false,"footnotes":""},"categories":[1],"tags":[],"class_list":["post-8186","post","type-post","status-publish","format-standard","has-post-thumbnail","hentry","category-destaque"],"jetpack_sharing_enabled":true,"jetpack_featured_media_url":"","_links":{"self":[{"href":"https:\/\/www.oparanews.com.br\/index.php\/wp-json\/wp\/v2\/posts\/8186","targetHints":{"allow":["GET"]}}],"collection":[{"href":"https:\/\/www.oparanews.com.br\/index.php\/wp-json\/wp\/v2\/posts"}],"about":[{"href":"https:\/\/www.oparanews.com.br\/index.php\/wp-json\/wp\/v2\/types\/post"}],"author":[{"embeddable":true,"href":"https:\/\/www.oparanews.com.br\/index.php\/wp-json\/wp\/v2\/users\/1"}],"replies":[{"embeddable":true,"href":"https:\/\/www.oparanews.com.br\/index.php\/wp-json\/wp\/v2\/comments?post=8186"}],"version-history":[{"count":0,"href":"https:\/\/www.oparanews.com.br\/index.php\/wp-json\/wp\/v2\/posts\/8186\/revisions"}],"wp:attachment":[{"href":"https:\/\/www.oparanews.com.br\/index.php\/wp-json\/wp\/v2\/media?parent=8186"}],"wp:term":[{"taxonomy":"category","embeddable":true,"href":"https:\/\/www.oparanews.com.br\/index.php\/wp-json\/wp\/v2\/categories?post=8186"},{"taxonomy":"post_tag","embeddable":true,"href":"https:\/\/www.oparanews.com.br\/index.php\/wp-json\/wp\/v2\/tags?post=8186"}],"curies":[{"name":"wp","href":"https:\/\/api.w.org\/{rel}","templated":true}]}}