{"id":8194,"date":"2020-07-23T23:29:27","date_gmt":"2020-07-23T23:29:27","guid":{"rendered":"https:\/\/oparanews.com.br\/?p=8194"},"modified":"2020-07-23T23:29:27","modified_gmt":"2020-07-23T23:29:27","slug":"alagoas-tem-mais-14-mortes-e-849-casos-confirmados-da-covid-19-aponta-sesau","status":"publish","type":"post","link":"https:\/\/www.oparanews.com.br\/index.php\/2020\/07\/23\/alagoas-tem-mais-14-mortes-e-849-casos-confirmados-da-covid-19-aponta-sesau\/","title":{"rendered":"Alagoas tem mais 14 mortes e 849 casos confirmados da Covid-19, aponta Sesau"},"content":{"rendered":"<div align=\"left\">\n<p dir=\"ltr\">Alagoas confirmou mais 849 casos e 14 \u00f3bitos provocados pelo novo coronav\u00edrus nas \u00faltimas 24 horas, conforme Boletim Epidemiol\u00f3gico divulgado pela Secretaria de Estado da Sa\u00fade (Sesau) nesta quinta-feira (23). Dessa forma, o estado passa a contabilizar um total de 52.529 casos confirmados de Covid-19 e 1.457 \u00f3bitos pela doen\u00e7a.<\/p>\n<\/div>\n<div align=\"left\">\n<p dir=\"ltr\">Do total de casos confirmados, 4.526 est\u00e3o em isolamento domiciliar e 152 internados em leitos p\u00fablicos e privados. Outros 46.392 pacientes j\u00e1 finalizaram o per\u00edodo de isolamento, n\u00e3o apresentam mais sintomas e, portanto, est\u00e3o recuperados da doen\u00e7a. H\u00e1 1.344 casos em investiga\u00e7\u00e3o laboratorial.<\/p>\n<\/div>\n<p dir=\"ltr\">\n<strong>com Assessoria<\/strong><\/p>\n","protected":false},"excerpt":{"rendered":"<p>Alagoas confirmou mais 849 casos e 14 \u00f3bitos provocados pelo novo coronav\u00edrus nas \u00faltimas 24 horas, conforme Boletim Epidemiol\u00f3gico divulgado pela Secretaria de Estado da Sa\u00fade (Sesau) nesta quinta-feira (23). Dessa forma, o estado passa a contabilizar um total de 52.529 casos confirmados de Covid-19 e 1.457 \u00f3bitos pela doen\u00e7a. Do total de casos confirmados, &hellip;<\/p>\n","protected":false},"author":1,"featured_media":8195,"comment_status":"open","ping_status":"open","sticky":false,"template":"","format":"standard","meta":{"_jetpack_newsletter_access":"","_jetpack_dont_email_post_to_subs":false,"_jetpack_newsletter_tier_id":0,"_jetpack_memberships_contains_paywalled_content":false,"_jetpack_memberships_contains_paid_content":false,"footnotes":""},"categories":[1],"tags":[],"class_list":["post-8194","post","type-post","status-publish","format-standard","has-post-thumbnail","hentry","category-destaque"],"jetpack_sharing_enabled":true,"jetpack_featured_media_url":"","_links":{"self":[{"href":"https:\/\/www.oparanews.com.br\/index.php\/wp-json\/wp\/v2\/posts\/8194","targetHints":{"allow":["GET"]}}],"collection":[{"href":"https:\/\/www.oparanews.com.br\/index.php\/wp-json\/wp\/v2\/posts"}],"about":[{"href":"https:\/\/www.oparanews.com.br\/index.php\/wp-json\/wp\/v2\/types\/post"}],"author":[{"embeddable":true,"href":"https:\/\/www.oparanews.com.br\/index.php\/wp-json\/wp\/v2\/users\/1"}],"replies":[{"embeddable":true,"href":"https:\/\/www.oparanews.com.br\/index.php\/wp-json\/wp\/v2\/comments?post=8194"}],"version-history":[{"count":0,"href":"https:\/\/www.oparanews.com.br\/index.php\/wp-json\/wp\/v2\/posts\/8194\/revisions"}],"wp:attachment":[{"href":"https:\/\/www.oparanews.com.br\/index.php\/wp-json\/wp\/v2\/media?parent=8194"}],"wp:term":[{"taxonomy":"category","embeddable":true,"href":"https:\/\/www.oparanews.com.br\/index.php\/wp-json\/wp\/v2\/categories?post=8194"},{"taxonomy":"post_tag","embeddable":true,"href":"https:\/\/www.oparanews.com.br\/index.php\/wp-json\/wp\/v2\/tags?post=8194"}],"curies":[{"name":"wp","href":"https:\/\/api.w.org\/{rel}","templated":true}]}}