{"id":8197,"date":"2020-07-23T23:39:08","date_gmt":"2020-07-23T23:39:08","guid":{"rendered":"https:\/\/oparanews.com.br\/?p=8197"},"modified":"2020-07-23T23:39:08","modified_gmt":"2020-07-23T23:39:08","slug":"com-possivel-greve-dos-servidores-tre-al-esclarece-condicoes-para-retomada","status":"publish","type":"post","link":"https:\/\/www.oparanews.com.br\/index.php\/2020\/07\/23\/com-possivel-greve-dos-servidores-tre-al-esclarece-condicoes-para-retomada\/","title":{"rendered":"Com poss\u00edvel greve dos servidores, TRE-AL esclarece condi\u00e7\u00f5es para retomada"},"content":{"rendered":"<div align=\"left\">\n<p dir=\"ltr\">Ap\u00f3s uma\u00a0<a href=\"https:\/\/gazetaweb.globo.com\/portal\/noticia\/2020\/07\/servidores-da-justica-eleitoral-de-al-podem-deflagrar-greve-sanitaria_110990.php\">convoca\u00e7\u00e3o para discutir a poss\u00edvel deflagra\u00e7\u00e3o da chamada &#8216;greve sanit\u00e1ria&#8217; dos servidores do Tribunal Regional Eleitoral de Alagoas (TRE-AL)<\/a>, o \u00f3rg\u00e3o esclareceu, por meio de nota enviada nesta quinta-feira (23), que todas as decis\u00f5es para retomada dos trabalhos presenciais foram pautadas em crit\u00e9rios cient\u00edficos e m\u00e9dicos, al\u00e9m de seguirem as determina\u00e7\u00f5es do Conselho Nacional de Justi\u00e7a (CNJ) e do Tribunal Superior Eleitoral (TSE).<\/p>\n<\/div>\n<div align=\"left\">\n<p dir=\"ltr\">O tribunal regional alagoano ainda ressaltou que &#8220;instituiu uma Comiss\u00e3o pela Portaria Conjunta n\u00ba 21\/2020, cujo objetivo \u00e9 a formata\u00e7\u00e3o de estudos preliminares para o resguardo da sa\u00fade dos servidores na pandemia da Covid-19&#8221;.<\/p>\n<\/div>\n<div align=\"left\">\n<p dir=\"ltr\">Na primeira reuni\u00e3o, que aconteceu em julho de 2020, os processos de aquisi\u00e7\u00f5es de\u00a0 m\u00e1scaras, l\u00e2minas de acr\u00edlico, luvas, \u00e1lcool em gel e demais equipamentos de prote\u00e7\u00e3o foram discutidos.<\/p>\n<\/div>\n<div align=\"left\">\n<p dir=\"ltr\">Al\u00e9m disso, de acordo com o TRE-AL, todas as alega\u00e7\u00f5es dos servidores, que defendem a continuidade dos trabalhos remotos e alegam que, no momento, n\u00e3o existem condi\u00e7\u00f5es seguras para o trabalho presencial, foram ouvidas. Os representantes das cidades-polo do interior tamb\u00e9m foram levados em considera\u00e7\u00e3o sobre a preocupa\u00e7\u00e3o com os treinamentos de mes\u00e1rios, reuni\u00f5es com pol\u00edticos, a locomo\u00e7\u00e3o para o interior e a dificuldade de alojamento. A retomada ficou prevista para o dia 31 de julho, que marca o prazo para a realiza\u00e7\u00e3o das conven\u00e7\u00f5es partid\u00e1rias.<\/p>\n<\/div>\n<div align=\"left\">\n<p dir=\"ltr\">Ainda sobre a volta das atividades de forma presencial, os servidores argumentam que, especialmente no interior do Estado, n\u00e3o h\u00e1 condi\u00e7\u00f5es pr\u00e1ticas para o retorno devido ao fechamento de pousadas e hot\u00e9is, que eram utilizados como postos de trabalho nos munic\u00edpios. J\u00e1 na capital, eles citam como fatores para o impedimento o d\u00e9ficit de testagem, de medicamentos e a aus\u00eancia de uma vacina eficaz.<\/p>\n<\/div>\n<div align=\"left\">\n<p dir=\"ltr\">O vice-presidente e corregedor do TRE-AL, no exerc\u00edcio da Presid\u00eancia, o desembargador Ot\u00e1vio Le\u00e3o Praxedes, relatou que, dentre outras delibera\u00e7\u00f5es da Comiss\u00e3o, a prorroga\u00e7\u00e3o do retorno ao trabalho presencial, a celeridade na tramita\u00e7\u00e3o de aquisi\u00e7\u00f5es de EPIS e a revis\u00e3o dos contratos de limpeza, o que foi acolhido e determinado pela Presid\u00eancia, foram temas debatidos. &#8220;O TRE de Alagoas refor\u00e7a seu compromisso com a integridade e a sa\u00fade dos eleitores, dos servidores, magistrados e promotores&#8221;, enfatizou.<\/p>\n<p dir=\"ltr\">\n<\/div>\n<div align=\"left\">\n<p dir=\"ltr\">* <strong>Com informa\u00e7\u00f5es da assessoria de imprensa<\/strong><\/p>\n<p dir=\"ltr\">\n<\/div>\n","protected":false},"excerpt":{"rendered":"<p>Ap\u00f3s uma\u00a0convoca\u00e7\u00e3o para discutir a poss\u00edvel deflagra\u00e7\u00e3o da chamada &#8216;greve sanit\u00e1ria&#8217; dos servidores do Tribunal Regional Eleitoral de Alagoas (TRE-AL), o \u00f3rg\u00e3o esclareceu, por meio de nota enviada nesta quinta-feira (23), que todas as decis\u00f5es para retomada dos trabalhos presenciais foram pautadas em crit\u00e9rios cient\u00edficos e m\u00e9dicos, al\u00e9m de seguirem as determina\u00e7\u00f5es do Conselho Nacional &hellip;<\/p>\n","protected":false},"author":1,"featured_media":8198,"comment_status":"open","ping_status":"open","sticky":false,"template":"","format":"standard","meta":{"_jetpack_newsletter_access":"","_jetpack_dont_email_post_to_subs":false,"_jetpack_newsletter_tier_id":0,"_jetpack_memberships_contains_paywalled_content":false,"_jetpack_memberships_contains_paid_content":false,"footnotes":""},"categories":[1],"tags":[],"class_list":["post-8197","post","type-post","status-publish","format-standard","has-post-thumbnail","hentry","category-destaque"],"jetpack_sharing_enabled":true,"jetpack_featured_media_url":"","_links":{"self":[{"href":"https:\/\/www.oparanews.com.br\/index.php\/wp-json\/wp\/v2\/posts\/8197","targetHints":{"allow":["GET"]}}],"collection":[{"href":"https:\/\/www.oparanews.com.br\/index.php\/wp-json\/wp\/v2\/posts"}],"about":[{"href":"https:\/\/www.oparanews.com.br\/index.php\/wp-json\/wp\/v2\/types\/post"}],"author":[{"embeddable":true,"href":"https:\/\/www.oparanews.com.br\/index.php\/wp-json\/wp\/v2\/users\/1"}],"replies":[{"embeddable":true,"href":"https:\/\/www.oparanews.com.br\/index.php\/wp-json\/wp\/v2\/comments?post=8197"}],"version-history":[{"count":0,"href":"https:\/\/www.oparanews.com.br\/index.php\/wp-json\/wp\/v2\/posts\/8197\/revisions"}],"wp:attachment":[{"href":"https:\/\/www.oparanews.com.br\/index.php\/wp-json\/wp\/v2\/media?parent=8197"}],"wp:term":[{"taxonomy":"category","embeddable":true,"href":"https:\/\/www.oparanews.com.br\/index.php\/wp-json\/wp\/v2\/categories?post=8197"},{"taxonomy":"post_tag","embeddable":true,"href":"https:\/\/www.oparanews.com.br\/index.php\/wp-json\/wp\/v2\/tags?post=8197"}],"curies":[{"name":"wp","href":"https:\/\/api.w.org\/{rel}","templated":true}]}}