{"id":8203,"date":"2020-07-24T00:19:22","date_gmt":"2020-07-24T00:19:22","guid":{"rendered":"https:\/\/oparanews.com.br\/?p=8203"},"modified":"2020-07-24T00:19:22","modified_gmt":"2020-07-24T00:19:22","slug":"calendario-de-pagamento-dos-servidores-municipais-e-divulgado-pela-prefeitura-de-penedo","status":"publish","type":"post","link":"https:\/\/www.oparanews.com.br\/index.php\/2020\/07\/24\/calendario-de-pagamento-dos-servidores-municipais-e-divulgado-pela-prefeitura-de-penedo\/","title":{"rendered":"Calend\u00e1rio de Pagamento dos servidores municipais \u00e9 divulgado pela Prefeitura de Penedo"},"content":{"rendered":"<p dir=\"ltr\">A Prefeitura de Penedo divulgou nessa quinta-feira (23), o calend\u00e1rio de pagamento dos sal\u00e1rios dos servidores p\u00fablicos municipais, referentes ao m\u00eas de julho.<\/p>\n<p dir=\"ltr\">De acordo com o cronograma, os sal\u00e1rios ser\u00e3o pagos a partir da pr\u00f3xima segunda-feira (27), na qual receber\u00e3o a maior parte dos servidores. Nos dias seguintes recebem os funcion\u00e1rios das pastas da Educa\u00e7\u00e3o e Sa\u00fade, respectivamente.<\/p>\n<p dir=\"ltr\">O pagamento dos servidores em dias diferentes diminui a probabilidade de ocorrerem aglomera\u00e7\u00f5es nas ag\u00eancias bancarias.<\/p>\n<p dir=\"ltr\">Dessa forma a gest\u00e3o \u2018Penedo: Terra do desenvolvimento e da Cultura\u2019, que tem a frente o Prefeito Marcius Beltr\u00e3o e o vice Ronaldo Lopes, \u00a0segue pagando o funcionalismo p\u00fablico em dia e dentro do m\u00eas trabalhado, garantindo a circula\u00e7\u00e3o de recursos na economia local.<\/p>\n<p dir=\"ltr\">Demais datas<\/p>\n<p dir=\"ltr\">Quem trabalha na Secretaria Municipal de Educa\u00e7\u00e3o (Semed) recebe na ter\u00e7a-feira 28, e quem \u00e9 servidor da Secretaria Municipal de Sa\u00fade poder\u00e1 sacar seu sal\u00e1rio na quinta-feira, 30. J\u00e1 quem completa anivers\u00e1rio nesse m\u00eas, \u00a0receber\u00e1 seu 13\u00ba sal\u00e1rio na quarta-feira (29).<\/p>\n<p dir=\"ltr\">\n<p dir=\"ltr\"><strong><u>por <\/u>Thiago Sobral<u> <\/u>&#8211; Decom (PMP)<\/strong><\/p>\n<p dir=\"ltr\">\n","protected":false},"excerpt":{"rendered":"<p>A Prefeitura de Penedo divulgou nessa quinta-feira (23), o calend\u00e1rio de pagamento dos sal\u00e1rios dos servidores p\u00fablicos municipais, referentes ao m\u00eas de julho. De acordo com o cronograma, os sal\u00e1rios ser\u00e3o pagos a partir da pr\u00f3xima segunda-feira (27), na qual receber\u00e3o a maior parte dos servidores. Nos dias seguintes recebem os funcion\u00e1rios das pastas da &hellip;<\/p>\n","protected":false},"author":1,"featured_media":8204,"comment_status":"open","ping_status":"open","sticky":false,"template":"","format":"standard","meta":{"_jetpack_newsletter_access":"","_jetpack_dont_email_post_to_subs":false,"_jetpack_newsletter_tier_id":0,"_jetpack_memberships_contains_paywalled_content":false,"_jetpack_memberships_contains_paid_content":false,"footnotes":""},"categories":[1],"tags":[],"class_list":["post-8203","post","type-post","status-publish","format-standard","has-post-thumbnail","hentry","category-destaque"],"jetpack_sharing_enabled":true,"jetpack_featured_media_url":"","_links":{"self":[{"href":"https:\/\/www.oparanews.com.br\/index.php\/wp-json\/wp\/v2\/posts\/8203","targetHints":{"allow":["GET"]}}],"collection":[{"href":"https:\/\/www.oparanews.com.br\/index.php\/wp-json\/wp\/v2\/posts"}],"about":[{"href":"https:\/\/www.oparanews.com.br\/index.php\/wp-json\/wp\/v2\/types\/post"}],"author":[{"embeddable":true,"href":"https:\/\/www.oparanews.com.br\/index.php\/wp-json\/wp\/v2\/users\/1"}],"replies":[{"embeddable":true,"href":"https:\/\/www.oparanews.com.br\/index.php\/wp-json\/wp\/v2\/comments?post=8203"}],"version-history":[{"count":0,"href":"https:\/\/www.oparanews.com.br\/index.php\/wp-json\/wp\/v2\/posts\/8203\/revisions"}],"wp:attachment":[{"href":"https:\/\/www.oparanews.com.br\/index.php\/wp-json\/wp\/v2\/media?parent=8203"}],"wp:term":[{"taxonomy":"category","embeddable":true,"href":"https:\/\/www.oparanews.com.br\/index.php\/wp-json\/wp\/v2\/categories?post=8203"},{"taxonomy":"post_tag","embeddable":true,"href":"https:\/\/www.oparanews.com.br\/index.php\/wp-json\/wp\/v2\/tags?post=8203"}],"curies":[{"name":"wp","href":"https:\/\/api.w.org\/{rel}","templated":true}]}}