{"id":8206,"date":"2020-07-24T00:27:34","date_gmt":"2020-07-24T00:27:34","guid":{"rendered":"https:\/\/oparanews.com.br\/?p=8206"},"modified":"2020-07-24T00:27:34","modified_gmt":"2020-07-24T00:27:34","slug":"detran-al-retoma-exames-praticos-de-direcao-veicular-e-outros-servicos","status":"publish","type":"post","link":"https:\/\/www.oparanews.com.br\/index.php\/2020\/07\/24\/detran-al-retoma-exames-praticos-de-direcao-veicular-e-outros-servicos\/","title":{"rendered":"Detran\/AL retoma exames pr\u00e1ticos de dire\u00e7\u00e3o veicular e outros servi\u00e7os"},"content":{"rendered":"<div align=\"left\">\n<p dir=\"ltr\">O Departamento Estadual de Tr\u00e2nsito de Alagoas (Detran\/AL) est\u00e1 retomando os servi\u00e7os interrompidos em raz\u00e3o da pandemia do novo coronav\u00edrus de forma gradativa. Nesta quinta-feira (23), a autarquia autorizou, em portaria publicada no Di\u00e1rio Oficial do Estado, a retomada dos exames pr\u00e1ticos de dire\u00e7\u00e3o veicular, a reabertura do servi\u00e7o de recep\u00e7\u00e3o e guarda de ve\u00edculos e a entrega de CNHs apreendidas em fiscaliza\u00e7\u00f5es de tr\u00e2nsito.<\/p>\n<p dir=\"ltr\">Detran\/AL retoma exames pr\u00e1ticos de dire\u00e7\u00e3o veicular e outros servi\u00e7os<\/p>\n<p dir=\"ltr\">O atendimento para todos os servi\u00e7os continuar\u00e1 seguindo as medidas preventivas e recomenda\u00e7\u00f5es sanit\u00e1rias do Decreto Estadual e da Organiza\u00e7\u00e3o Mundial de Sa\u00fade (OMS). No caso dos exames pr\u00e1ticos, por exemplo, a autarquia determinou a higieniza\u00e7\u00e3o dos ve\u00edculos antes de <u>cada<\/u> exame a ser realizado e a redu\u00e7\u00e3o no n\u00famero de vagas disponibilizadas a fim de evitar aglomera\u00e7\u00f5es.<\/p>\n<\/div>\n<div align=\"left\"><\/div>\n<div align=\"left\">\n<p dir=\"ltr\">Al\u00e9m disso, o capacete utilizado nos exames de habilita\u00e7\u00e3o para categoria \u201cA\u201d, que permite ao cidad\u00e3o dirigir ve\u00edculos motorizados de duas ou tr\u00eas rodas, ter\u00e1 que ser do pr\u00f3prio candidato. Outra medida preventiva adotada \u00e9 a proibi\u00e7\u00e3o do uso de ar-condicionado nos ve\u00edculos. Todos os candidatos devem utilizar m\u00e1scara de prote\u00e7\u00e3o e adotar o distanciamento m\u00ednimo de 1,5m.<\/p>\n<\/div>\n<div align=\"left\">\n<p dir=\"ltr\">Os agendamentos para o exame pr\u00e1tico ser\u00e3o disponibilizados no site (<a href=\"http:\/\/detran.al.gov.br\/\">detran.al.gov.br<\/a>) nesta sexta-feira (24), com vagas a partir do dia 3 de agosto. Inicialmente, os exames pr\u00e1ticos ocorrer\u00e3o apenas em Macei\u00f3, e, de forma gradativa, ser\u00e3o disponibilizados em outros munic\u00edpios.<\/p>\n<\/div>\n<div align=\"left\">\n<p dir=\"ltr\">Os candidatos devem agendar o exame, pagar a guia de reteste antecipadamente caso tenham sido reprovados anteriormente e, no dia e hor\u00e1rio indicados, comparecer no local agendado para realizar a prova portando documento oficial com foto (RG, Carteira de Trabalho, Passaporte, Carteira de Identidade Profissional ou Reservista). Se o candidato for aprovado, deve agendar o encerramento do processo de 1\u00aa habilita\u00e7\u00e3o tamb\u00e9m pelo site e, ap\u00f3s isso, aguardar o envio da CNH provis\u00f3ria para o endere\u00e7o cadastrado.<\/p>\n<\/div>\n<div align=\"left\">\n<p dir=\"ltr\">Guarda de Ve\u00edculos<\/p>\n<\/div>\n<div align=\"left\">\n<p dir=\"ltr\">Em Macei\u00f3, o Servi\u00e7o de Recep\u00e7\u00e3o e Guarda de Ve\u00edculos funcionar\u00e1 de segunda-feira a quinta-feira, das 8h \u00e0s 14h e em Arapiraca nos dias de ter\u00e7a, quarta e quinta, das 8h \u00e0s 13h. Nos demais munic\u00edpios, o servi\u00e7o funcionar\u00e1 exclusivamente sob agendamento realizado tamb\u00e9m pelo site do Detran\/AL.<\/p>\n<\/div>\n<div align=\"left\">\n<p dir=\"ltr\">Para a libera\u00e7\u00e3o de ve\u00edculos \u00e9 necess\u00e1rio o pagamento da guia de libera\u00e7\u00e3o de ve\u00edculo recolhido no site do Detran\/AL. O respons\u00e1vel legal pelo ve\u00edculo, ap\u00f3s o pagamento da guia de libera\u00e7\u00e3o de ve\u00edculo, deve se dirigir ao local de recolhimento.<\/p>\n<\/div>\n<div align=\"left\">\n<p dir=\"ltr\">No caso de pessoa f\u00edsica, o usu\u00e1rio dever\u00e1 portar documento oficial com foto, CPF e comprovante de resid\u00eancia. No de pessoa jur\u00eddica, a documenta\u00e7\u00e3o exigida \u00e9 CNPJ, RG ou equivalente e CPF do(s) s\u00f3cio, e o endere\u00e7o dever\u00e1 ser constante no CNPJ. Nos dois casos, tamb\u00e9m \u00e9 necess\u00e1rio levar o CRLV ou CRLV-e do ve\u00edculo. O uso de m\u00e1scara \u00e9 obrigat\u00f3rio.<\/p>\n<\/div>\n<div align=\"left\">\n<p dir=\"ltr\">CNHs apreendidas<\/p>\n<\/div>\n<div align=\"left\">\n<p dir=\"ltr\">A entrega de Carteiras Nacionais de Habilita\u00e7\u00e3o (CNHs) recolhidas pela fiscaliza\u00e7\u00e3o de tr\u00e2nsito como cumprimento de medida administrativa em decorr\u00eancia de infra\u00e7\u00e3o tamb\u00e9m foi um servi\u00e7o autorizado na portaria, que funcionar\u00e1 mediante agendamento pelo site.<\/p>\n<\/div>\n<div align=\"left\">\n<p dir=\"ltr\">A devolu\u00e7\u00e3o ocorrer\u00e1 na capital e em todas as Circunscri\u00e7\u00f5es Regionais de Tr\u00e2nsito (Ciretrans) do estado. A CNH que tiver bloqueio ou impedimento n\u00e3o ser\u00e1 devolvida. A disponibiliza\u00e7\u00e3o do servi\u00e7o estar\u00e1 condicionada \u00e0 libera\u00e7\u00e3o de funcionamento da respectiva Ciretran.<\/p>\n<\/div>\n<div align=\"left\">\n<p dir=\"ltr\">Em caso de d\u00favidas ou maiores informa\u00e7\u00f5es, o Detran\/AL est\u00e1 dispon\u00edvel para atendimento pelos n\u00fameros 0800 082 0154 ou (82) 3315-1533.<\/p>\n<p dir=\"ltr\">\n<p dir=\"ltr\"><strong>Fonte: Ag\u00eancia Alagoas<\/strong><\/p>\n<p dir=\"ltr\">\n<\/div>\n","protected":false},"excerpt":{"rendered":"<p>O Departamento Estadual de Tr\u00e2nsito de Alagoas (Detran\/AL) est\u00e1 retomando os servi\u00e7os interrompidos em raz\u00e3o da pandemia do novo coronav\u00edrus de forma gradativa. Nesta quinta-feira (23), a autarquia autorizou, em portaria publicada no Di\u00e1rio Oficial do Estado, a retomada dos exames pr\u00e1ticos de dire\u00e7\u00e3o veicular, a reabertura do servi\u00e7o de recep\u00e7\u00e3o e guarda de ve\u00edculos &hellip;<\/p>\n","protected":false},"author":1,"featured_media":8207,"comment_status":"open","ping_status":"open","sticky":false,"template":"","format":"standard","meta":{"_jetpack_newsletter_access":"","_jetpack_dont_email_post_to_subs":false,"_jetpack_newsletter_tier_id":0,"_jetpack_memberships_contains_paywalled_content":false,"_jetpack_memberships_contains_paid_content":false,"footnotes":""},"categories":[1],"tags":[],"class_list":["post-8206","post","type-post","status-publish","format-standard","has-post-thumbnail","hentry","category-destaque"],"jetpack_sharing_enabled":true,"jetpack_featured_media_url":"","_links":{"self":[{"href":"https:\/\/www.oparanews.com.br\/index.php\/wp-json\/wp\/v2\/posts\/8206","targetHints":{"allow":["GET"]}}],"collection":[{"href":"https:\/\/www.oparanews.com.br\/index.php\/wp-json\/wp\/v2\/posts"}],"about":[{"href":"https:\/\/www.oparanews.com.br\/index.php\/wp-json\/wp\/v2\/types\/post"}],"author":[{"embeddable":true,"href":"https:\/\/www.oparanews.com.br\/index.php\/wp-json\/wp\/v2\/users\/1"}],"replies":[{"embeddable":true,"href":"https:\/\/www.oparanews.com.br\/index.php\/wp-json\/wp\/v2\/comments?post=8206"}],"version-history":[{"count":0,"href":"https:\/\/www.oparanews.com.br\/index.php\/wp-json\/wp\/v2\/posts\/8206\/revisions"}],"wp:attachment":[{"href":"https:\/\/www.oparanews.com.br\/index.php\/wp-json\/wp\/v2\/media?parent=8206"}],"wp:term":[{"taxonomy":"category","embeddable":true,"href":"https:\/\/www.oparanews.com.br\/index.php\/wp-json\/wp\/v2\/categories?post=8206"},{"taxonomy":"post_tag","embeddable":true,"href":"https:\/\/www.oparanews.com.br\/index.php\/wp-json\/wp\/v2\/tags?post=8206"}],"curies":[{"name":"wp","href":"https:\/\/api.w.org\/{rel}","templated":true}]}}