{"id":8209,"date":"2020-07-24T15:45:54","date_gmt":"2020-07-24T15:45:54","guid":{"rendered":"https:\/\/oparanews.com.br\/?p=8209"},"modified":"2020-07-24T15:45:54","modified_gmt":"2020-07-24T15:45:54","slug":"prf-prende-homem-e-apreende-13-aves-silvestres-em-palmeira-dos-indios","status":"publish","type":"post","link":"https:\/\/www.oparanews.com.br\/index.php\/2020\/07\/24\/prf-prende-homem-e-apreende-13-aves-silvestres-em-palmeira-dos-indios\/","title":{"rendered":"PRF prende homem e apreende 13 aves silvestres em Palmeira dos \u00cdndios"},"content":{"rendered":"<p>A Pol\u00edcia Rodovi\u00e1ria Federal (PRF) prendeu um homem suspeito de crime ambiental e apreendeu 13 aves silvestres durante uma fiscaliza\u00e7\u00e3o na BR-316, no munic\u00edpio de Palmeira dos \u00cdndios, Agreste de Alagoas. Segundo a PRF, as aves estavam dentro de uma gaiola na mochila do passageiro de um \u00f4nibus. A informa\u00e7\u00e3o foi divulgada nesta sexta-feira (24).<\/p>\n<p>O flagrante aconteceu na quinta (23), quando os policiais abordaram um \u00f4nibus de transporte coletivo. Durante verifica\u00e7\u00e3o nas bagagens de um dos passageiros, os policiais encontraram uma gaiola com as 13 aves presas e sem ventila\u00e7\u00e3o.<\/p>\n<p>Ao todo, seis Can\u00e1rios da Terra, quatro Coleirinhos, dois Trinca-ferros e um Papa-Capim foram resgatados.<\/p>\n<p>De acordo com a PRF, o suspeito assumiu a responsabilidade pelas animais e informou estavam presos desde o dia 21. Ele relatou que estava levando de Batatais (SP) para a cidade de S\u00e3o Benedito (PE), para presentear amigos.<\/p>\n<p>O homem foi encaminhado junto \u00e0s aves \u00e0 Delegacia de Pol\u00edcia Civil de Palmeira dos \u00cdndios, onde deve responder por crime ambiental.<\/p>\n<p><strong>Outra apreens\u00e3o<\/strong><\/p>\n<p>Na quarta (22) mais 13 aves tamb\u00e9m foram apreendidas dentro de um \u00f4nibus na BR-101, pr\u00f3ximo \u00e0 cidade de S\u00e3o Sebasti\u00e3o, em uma opera\u00e7\u00e3o da Pol\u00edcia Rodovi\u00e1ria Federal (PRF) e do canil do 3\u00b0 Batalh\u00e3o da Pol\u00edcia Militar de Alagoas (3\u00b0 BPM-AL).<\/p>\n<p>&nbsp;<\/p>\n<p><strong>Fonte: G1\/AL<\/strong><\/p>\n<p>&nbsp;<\/p>\n","protected":false},"excerpt":{"rendered":"<p>A Pol\u00edcia Rodovi\u00e1ria Federal (PRF) prendeu um homem suspeito de crime ambiental e apreendeu 13 aves silvestres durante uma fiscaliza\u00e7\u00e3o na BR-316, no munic\u00edpio de Palmeira dos \u00cdndios, Agreste de Alagoas. Segundo a PRF, as aves estavam dentro de uma gaiola na mochila do passageiro de um \u00f4nibus. A informa\u00e7\u00e3o foi divulgada nesta sexta-feira (24). &hellip;<\/p>\n","protected":false},"author":1,"featured_media":8210,"comment_status":"open","ping_status":"open","sticky":false,"template":"","format":"standard","meta":{"_jetpack_newsletter_access":"","_jetpack_dont_email_post_to_subs":false,"_jetpack_newsletter_tier_id":0,"_jetpack_memberships_contains_paywalled_content":false,"_jetpack_memberships_contains_paid_content":false,"footnotes":""},"categories":[1],"tags":[],"class_list":["post-8209","post","type-post","status-publish","format-standard","has-post-thumbnail","hentry","category-destaque"],"jetpack_sharing_enabled":true,"jetpack_featured_media_url":"","_links":{"self":[{"href":"https:\/\/www.oparanews.com.br\/index.php\/wp-json\/wp\/v2\/posts\/8209","targetHints":{"allow":["GET"]}}],"collection":[{"href":"https:\/\/www.oparanews.com.br\/index.php\/wp-json\/wp\/v2\/posts"}],"about":[{"href":"https:\/\/www.oparanews.com.br\/index.php\/wp-json\/wp\/v2\/types\/post"}],"author":[{"embeddable":true,"href":"https:\/\/www.oparanews.com.br\/index.php\/wp-json\/wp\/v2\/users\/1"}],"replies":[{"embeddable":true,"href":"https:\/\/www.oparanews.com.br\/index.php\/wp-json\/wp\/v2\/comments?post=8209"}],"version-history":[{"count":0,"href":"https:\/\/www.oparanews.com.br\/index.php\/wp-json\/wp\/v2\/posts\/8209\/revisions"}],"wp:attachment":[{"href":"https:\/\/www.oparanews.com.br\/index.php\/wp-json\/wp\/v2\/media?parent=8209"}],"wp:term":[{"taxonomy":"category","embeddable":true,"href":"https:\/\/www.oparanews.com.br\/index.php\/wp-json\/wp\/v2\/categories?post=8209"},{"taxonomy":"post_tag","embeddable":true,"href":"https:\/\/www.oparanews.com.br\/index.php\/wp-json\/wp\/v2\/tags?post=8209"}],"curies":[{"name":"wp","href":"https:\/\/api.w.org\/{rel}","templated":true}]}}