{"id":8212,"date":"2020-07-24T15:50:16","date_gmt":"2020-07-24T15:50:16","guid":{"rendered":"https:\/\/oparanews.com.br\/?p=8212"},"modified":"2020-07-24T15:50:16","modified_gmt":"2020-07-24T15:50:16","slug":"gp-do-brasil-de-formula-1-e-cancelado","status":"publish","type":"post","link":"https:\/\/www.oparanews.com.br\/index.php\/2020\/07\/24\/gp-do-brasil-de-formula-1-e-cancelado\/","title":{"rendered":"GP do Brasil de F\u00f3rmula 1 \u00e9 cancelado"},"content":{"rendered":"<p>A F\u00f3rmula 1 anunciou nesta sexta-feira o cancelamento dos grandes pr\u00eamios nas Am\u00e9ricas, no caso, os de Canad\u00e1, Estados Unidos, M\u00e9xico e Brasil, devido aos desdobramentos da pandemia de coronav\u00edrus. Desde o primeiro Grande Pr\u00eamio do Brasil v\u00e1lido pelo campeonato, em 1973, que o pa\u00eds recebia a categoria em todos os anos.<\/p>\n<p>Al\u00e9m disso, o futuro da etapa brasileira do Mundial est\u00e1 indefinido, j\u00e1 que o contrato com S\u00e3o Paulo terminaria neste ano, e ainda n\u00e3o houve renova\u00e7\u00e3o. O Rio de Janeiro \u00e9 candidato a receber a prova, num novo aut\u00f3dromo cujas obras sequer come\u00e7aram.<\/p>\n<p>&#8220;Queremos agradecer a todos os nossos parceiros novos e existentes e \u00e0s autoridades nacionais pelo trabalho e esfor\u00e7o realizados nos \u00faltimos meses. Embora seja decepcionante n\u00e3o ser poss\u00edvel competir nas Am\u00e9ricas este ano, estamos ansiosos para voltar na pr\u00f3xima temporada e sabemos que as corridas em nosso calend\u00e1rio revisado continuar\u00e3o empolgando nossos f\u00e3s e oferecendo novos desafios para as equipes e pilotos.&#8221;, informou a F1 em nota.<\/p>\n<p>Tamb\u00e9m foram confirmadas as realiza\u00e7\u00f5es de corridas em N\u00fcrburgring (GP da Alemanha, em 11 de outubro), Portim\u00e3o (GP de Portugal, em 25 de outubro) e Imola (GP da Emilia Romagna, em 1\u00ba de novembro). Em rela\u00e7\u00e3o \u00e0 corrida em Imola, a novidade ser\u00e1 a realiza\u00e7\u00e3o do evento em apenas dois dias. O formato do fim de semana ainda n\u00e3o foi definido, mas provavelmente haver\u00e1 apenas um treino livre antes da classifica\u00e7\u00e3o e da corrida.<\/p>\n<p>A pista alem\u00e3 volta a receber uma corrida pela primeira vez desde 2013, enquanto Imola, circuito do acidente fatal de Ayrton Senna em 1994, volta ao calend\u00e1rio depois de 14 anos. J\u00e1 Portim\u00e3o ter\u00e1 uma corrida pela primeira vez na hist\u00f3ria, e a categoria volta a Portugal depois de 24 temporadas &#8211; 1996 foi a \u00faltima.<\/p>\n<p>Nas \u00faltimas semanas, o chefe da equipe Mercedes, Toto Wolff, j\u00e1 havia declarado que dificilmente as equipes viajariam para as Am\u00e9ricas, j\u00e1 que esses quatro pa\u00edses ainda n\u00e3o tiveram redu\u00e7\u00e3o na curva do n\u00famero de casos de Covid-19.<\/p>\n<p>Dos quatro pa\u00edses, o Canad\u00e1, cuja data original da prova era em junho, teria as melhores condi\u00e7\u00f5es sanit\u00e1rias para receber a corrida. No entanto, a log\u00edstica e gastos de transporte de equipamentos e pessoas para apenas uma corrida em meio \u00e0 pandemia n\u00e3o compensariam. A F\u00f3rmula 1 continua com o plano de realizar pelo menos 15 corridas at\u00e9 completar o campeonato em dezembro. Por enquanto, com o an\u00fancio desta sexta-feira, 13 provas est\u00e3o confirmadas.<\/p>\n<p>&#8220;Estamos satisfeitos por continuarmos a fazer grandes progressos na finaliza\u00e7\u00e3o de nossos planos para a temporada 2020 e estamos animados em receber N\u00fcrburgring, Portim\u00e3o e Imola no calend\u00e1rio revisado. Queremos agradecer aos promotores, \u00e0s equipes e \u00e0 FIA por seu total apoio em nossos esfor\u00e7os para proporcionar aos nossos f\u00e3s corridas emocionantes nesta temporada, durante um per\u00edodo sem precedentes. Tamb\u00e9m queremos prestar homenagem aos nossos incr\u00edveis parceiros nas Am\u00e9ricas e esperamos voltar com eles na pr\u00f3xima temporada, quando mais uma vez eles conseguir\u00e3o emocionar milh\u00f5es de f\u00e3s ao redor do mundo.&#8221;, disse o CEO da F1, Chase Carey.<\/p>\n<p>Com o an\u00fancio desta sexta-feira, o calend\u00e1rio original de 22 corridas passa a ter 11 cancelamentos: Austr\u00e1lia, Holanda, M\u00f4naco, Fran\u00e7a, Canad\u00e1, Azerbaij\u00e3o, Singapura, Jap\u00e3o, Estados Unidos, M\u00e9xico e Brasil. As provas de Vietn\u00e3, China, Barein e Abu Dhabi ainda n\u00e3o est\u00e3o confirmadas.<\/p>\n<p>Brasil tem sequ\u00eancia interrompida<\/p>\n<p>Com o cancelamento do Grande Pr\u00eamio do Brasil, o pa\u00eds perde uma sequ\u00eancia de 47 anos recebendo provas v\u00e1lidas pelo Mundial de F\u00f3rmula 1. Dos pa\u00edses que comp\u00f5em o atual calend\u00e1rio, apenas Inglaterra e It\u00e1lia tinham mais temporadas seguidas com GPs, em todas as 70, desde 1950.<\/p>\n<p>A primeira edi\u00e7\u00e3o do Grande Pr\u00eamio do Brasil, em 1972, ainda n\u00e3o contou pontos para o campeonato e foi um evento-teste. Mas, a partir de 1973, o pa\u00eds recebeu ininterruptamente provas v\u00e1lidas pelo Mundial.<\/p>\n<p>De 1973 a 1977, o GP foi disputado em Interlagos. Em 1978, a prova foi para o Rio de Janeiro, mas voltou a S\u00e2o Paulo em 1979 e 1980. De 1981 a 1989, o Rio foi o palco da etapa brasileira, mas, desde 1990, Interlagos sediava a prova.<\/p>\n<p>A partir de 2004, o GP do Brasil passou para a parte final do calend\u00e1rio e por seis vezes, em 2005 (Fernando Alonso), 2006 (Fernando Alonso), 2007 (Kimi Raikkonen), 2008 (Lewis Hamilton), 2009 (Jenson Button) e 2012 (Sebastian Vettel), decidiu o t\u00edtulo de pilotos.<\/p>\n<p>&nbsp;<\/p>\n<p><strong>Fonte: Globoesporte<\/strong><\/p>\n<p>&nbsp;<\/p>\n","protected":false},"excerpt":{"rendered":"<p>A F\u00f3rmula 1 anunciou nesta sexta-feira o cancelamento dos grandes pr\u00eamios nas Am\u00e9ricas, no caso, os de Canad\u00e1, Estados Unidos, M\u00e9xico e Brasil, devido aos desdobramentos da pandemia de coronav\u00edrus. Desde o primeiro Grande Pr\u00eamio do Brasil v\u00e1lido pelo campeonato, em 1973, que o pa\u00eds recebia a categoria em todos os anos. Al\u00e9m disso, o &hellip;<\/p>\n","protected":false},"author":1,"featured_media":8213,"comment_status":"open","ping_status":"open","sticky":false,"template":"","format":"standard","meta":{"_jetpack_newsletter_access":"","_jetpack_dont_email_post_to_subs":false,"_jetpack_newsletter_tier_id":0,"_jetpack_memberships_contains_paywalled_content":false,"_jetpack_memberships_contains_paid_content":false,"footnotes":""},"categories":[1],"tags":[],"class_list":["post-8212","post","type-post","status-publish","format-standard","has-post-thumbnail","hentry","category-destaque"],"jetpack_sharing_enabled":true,"jetpack_featured_media_url":"","_links":{"self":[{"href":"https:\/\/www.oparanews.com.br\/index.php\/wp-json\/wp\/v2\/posts\/8212","targetHints":{"allow":["GET"]}}],"collection":[{"href":"https:\/\/www.oparanews.com.br\/index.php\/wp-json\/wp\/v2\/posts"}],"about":[{"href":"https:\/\/www.oparanews.com.br\/index.php\/wp-json\/wp\/v2\/types\/post"}],"author":[{"embeddable":true,"href":"https:\/\/www.oparanews.com.br\/index.php\/wp-json\/wp\/v2\/users\/1"}],"replies":[{"embeddable":true,"href":"https:\/\/www.oparanews.com.br\/index.php\/wp-json\/wp\/v2\/comments?post=8212"}],"version-history":[{"count":0,"href":"https:\/\/www.oparanews.com.br\/index.php\/wp-json\/wp\/v2\/posts\/8212\/revisions"}],"wp:attachment":[{"href":"https:\/\/www.oparanews.com.br\/index.php\/wp-json\/wp\/v2\/media?parent=8212"}],"wp:term":[{"taxonomy":"category","embeddable":true,"href":"https:\/\/www.oparanews.com.br\/index.php\/wp-json\/wp\/v2\/categories?post=8212"},{"taxonomy":"post_tag","embeddable":true,"href":"https:\/\/www.oparanews.com.br\/index.php\/wp-json\/wp\/v2\/tags?post=8212"}],"curies":[{"name":"wp","href":"https:\/\/api.w.org\/{rel}","templated":true}]}}