{"id":8215,"date":"2020-07-24T15:56:20","date_gmt":"2020-07-24T15:56:20","guid":{"rendered":"https:\/\/oparanews.com.br\/?p=8215"},"modified":"2020-07-24T15:56:20","modified_gmt":"2020-07-24T15:56:20","slug":"governo-estende-prazo-para-saque-do-bolsa-familia","status":"publish","type":"post","link":"https:\/\/www.oparanews.com.br\/index.php\/2020\/07\/24\/governo-estende-prazo-para-saque-do-bolsa-familia\/","title":{"rendered":"Governo estende prazo para saque do Bolsa Fam\u00edlia"},"content":{"rendered":"<p>O Minist\u00e9rio da Cidadania publicou hoje (24) no Di\u00e1rio Oficial da Uni\u00e3o (DOU) uma portaria que estende o prazo para o saque do benef\u00edcio do Bolsa Fam\u00edlia, enquanto durar o estado de calamidade p\u00fablica. A regra anterior, de 2004, determinava a restitui\u00e7\u00e3o dos benef\u00edcios que n\u00e3o fossem sacados dentro do prazo de tr\u00eas meses.<\/p>\n<p>De acordo com a portaria, a medida visa a evitar a aglomera\u00e7\u00e3o de pessoas durante o saque do benef\u00edcio.<\/p>\n<p>O texto diz ainda que a prorroga\u00e7\u00e3o incidir\u00e1 em todas as parcelas do Bolsa Fam\u00edlia pagas que ainda estejam v\u00e1lidas, segundo o calend\u00e1rio de pagamentos e o calend\u00e1rio operacional do programa.<\/p>\n<p>&nbsp;<\/p>\n<p><strong>Fonte: Ag\u00eancia Brasil<\/strong><\/p>\n<p>&nbsp;<\/p>\n","protected":false},"excerpt":{"rendered":"<p>O Minist\u00e9rio da Cidadania publicou hoje (24) no Di\u00e1rio Oficial da Uni\u00e3o (DOU) uma portaria que estende o prazo para o saque do benef\u00edcio do Bolsa Fam\u00edlia, enquanto durar o estado de calamidade p\u00fablica. A regra anterior, de 2004, determinava a restitui\u00e7\u00e3o dos benef\u00edcios que n\u00e3o fossem sacados dentro do prazo de tr\u00eas meses. De &hellip;<\/p>\n","protected":false},"author":1,"featured_media":8216,"comment_status":"open","ping_status":"open","sticky":false,"template":"","format":"standard","meta":{"_jetpack_newsletter_access":"","_jetpack_dont_email_post_to_subs":false,"_jetpack_newsletter_tier_id":0,"_jetpack_memberships_contains_paywalled_content":false,"_jetpack_memberships_contains_paid_content":false,"footnotes":""},"categories":[1],"tags":[],"class_list":["post-8215","post","type-post","status-publish","format-standard","has-post-thumbnail","hentry","category-destaque"],"jetpack_sharing_enabled":true,"jetpack_featured_media_url":"","_links":{"self":[{"href":"https:\/\/www.oparanews.com.br\/index.php\/wp-json\/wp\/v2\/posts\/8215","targetHints":{"allow":["GET"]}}],"collection":[{"href":"https:\/\/www.oparanews.com.br\/index.php\/wp-json\/wp\/v2\/posts"}],"about":[{"href":"https:\/\/www.oparanews.com.br\/index.php\/wp-json\/wp\/v2\/types\/post"}],"author":[{"embeddable":true,"href":"https:\/\/www.oparanews.com.br\/index.php\/wp-json\/wp\/v2\/users\/1"}],"replies":[{"embeddable":true,"href":"https:\/\/www.oparanews.com.br\/index.php\/wp-json\/wp\/v2\/comments?post=8215"}],"version-history":[{"count":0,"href":"https:\/\/www.oparanews.com.br\/index.php\/wp-json\/wp\/v2\/posts\/8215\/revisions"}],"wp:attachment":[{"href":"https:\/\/www.oparanews.com.br\/index.php\/wp-json\/wp\/v2\/media?parent=8215"}],"wp:term":[{"taxonomy":"category","embeddable":true,"href":"https:\/\/www.oparanews.com.br\/index.php\/wp-json\/wp\/v2\/categories?post=8215"},{"taxonomy":"post_tag","embeddable":true,"href":"https:\/\/www.oparanews.com.br\/index.php\/wp-json\/wp\/v2\/tags?post=8215"}],"curies":[{"name":"wp","href":"https:\/\/api.w.org\/{rel}","templated":true}]}}