{"id":8221,"date":"2020-07-26T01:18:15","date_gmt":"2020-07-26T01:18:15","guid":{"rendered":"https:\/\/oparanews.com.br\/?p=8221"},"modified":"2020-07-26T01:18:15","modified_gmt":"2020-07-26T01:18:15","slug":"prefeitura-de-penedo-autoriza-realizacao-de-missas-e-cultos-em-igrejas-e-templos","status":"publish","type":"post","link":"https:\/\/www.oparanews.com.br\/index.php\/2020\/07\/26\/prefeitura-de-penedo-autoriza-realizacao-de-missas-e-cultos-em-igrejas-e-templos\/","title":{"rendered":"Prefeitura de Penedo autoriza realiza\u00e7\u00e3o de missas e cultos em igrejas e templos"},"content":{"rendered":"<p>Publicado no Di\u00e1rio Oficial do Munic\u00edpio na edi\u00e7\u00e3o dessa sexta-feira, 24 de julho, o Decreto Municipal n\u00ba 698\/2020 \u00e9 fundamentado na situa\u00e7\u00e3o epidemiol\u00f3gica do munic\u00edpio que, desde o in\u00edcio do surto do coronav\u00edrus em Alagoas, tem a menor taxa de ocorr\u00eancia da doen\u00e7a entre todos os de m\u00e9dio e de grande porte do estado.<\/p>\n<p>Al\u00e9m disso, o decreto assinado pelo Prefeito M\u00e1rcius Beltr\u00e3o tem amparo na diminui\u00e7\u00e3o da ocupa\u00e7\u00e3o de leitos cl\u00ednicos e de UTI por pacientes do munic\u00edpio, assim como nas recomenda\u00e7\u00f5es da OMS que orientam o combate ao coronav\u00edrus e ainda nas decis\u00f5es do governo e do poder judici\u00e1rio estadual.<\/p>\n<p><a href=\"https:\/\/io.org.br\/al\/penedo\/prefeitura\/diarioOficial\/download\/11064\/1444\/D030D9783A9BBF84DA499884C9824FEB0EE01CA1\"><strong>Confira, na \u00edntegra, o Decreto Municipal n\u00ba 698\/2020<\/strong><\/a><\/p>\n<p>As regras estabelecidas pela Prefeitura de Penedo limitam a taxa de ocupa\u00e7\u00e3o de templos e igrejas a 30% de sua capacidade m\u00e1xima de p\u00fablico, quantidade prevista nos alvar\u00e1s dos \u00f3rg\u00e3os licenciadores das atividades.<\/p>\n<p>Para cumprir o necess\u00e1rio distanciamento de, pelo menos, dois metros entre as pessoas, os respons\u00e1veis pelas igrejas\/templos devem organizar os espa\u00e7os internos, inclusive com bloqueio de assentos e distanciamento entre bancos, sendo vedada a forma\u00e7\u00e3o de grupos com contato f\u00edsico, por celebrantes ou fi\u00e9is.<\/p>\n<p>Todos os templos e igrejas dever\u00e3o fixar, em local de f\u00e1cil visualiza\u00e7\u00e3o, o limite m\u00e1ximo de pessoas durante as celebra\u00e7\u00f5es religiosas para facilitar a atua\u00e7\u00e3o da fiscaliza\u00e7\u00e3o do munic\u00edpio.<\/p>\n<p>O uso de m\u00e1scaras por todas as pessoas \u00e9 obrigat\u00f3rio, assim como a disponibiliza\u00e7\u00e3o do \u00e1lcool em gel (concentra\u00e7\u00e3o 70%) em locais de f\u00e1cil acesso, durante as cerim\u00f4nias religiosas.<\/p>\n<p>De modo opcional, templos e igrejas poder\u00e3o disponibilizar lavat\u00f3rios para as m\u00e3os, com sab\u00e3o, \u00e1gua corrente e toalhas descart\u00e1veis, em locais de f\u00e1cil acesso.<\/p>\n<p>Al\u00e9m dos aspectos acima relacionados, todas as igrejas e templos com celebra\u00e7\u00e3o religiosa prevista devem realizar, antes e ap\u00f3s de toda e qualquer cerim\u00f4nia, a sanitiza\u00e7\u00e3o e\/ou higieniza\u00e7\u00e3o de pisos, banheiros e superf\u00edcies de toque, utilizando \u00e1lcool 70%, solu\u00e7\u00f5es antiss\u00e9pticas ou sanitizantes.<\/p>\n<p>O ato oficial acrescenta que os locais devem estar com portas e janelas abertas, propiciando ventila\u00e7\u00e3o natural em seus interiores, sendo proibido o acesso de pessoas que apresentem sintomas de s\u00edndrome gripal, tais como febre, tosse, dor de garganta, coriza ou dificuldades respirat\u00f3rias, comunicando o fato, imediatamente, \u00e0s autoridades sanit\u00e1rias municipais.<\/p>\n<p>O desrespeito a qualquer norma do Decreto 698 resultar\u00e1 na suspens\u00e3o imediata do alvar\u00e1 de funcionamento do estabelecimento infrator.<\/p>\n<p>&nbsp;<\/p>\n<p><strong>por Fernando Vin\u00edcius \u2013 Decom PMP<\/strong><\/p>\n<p>&nbsp;<\/p>\n","protected":false},"excerpt":{"rendered":"<p>Publicado no Di\u00e1rio Oficial do Munic\u00edpio na edi\u00e7\u00e3o dessa sexta-feira, 24 de julho, o Decreto Municipal n\u00ba 698\/2020 \u00e9 fundamentado na situa\u00e7\u00e3o epidemiol\u00f3gica do munic\u00edpio que, desde o in\u00edcio do surto do coronav\u00edrus em Alagoas, tem a menor taxa de ocorr\u00eancia da doen\u00e7a entre todos os de m\u00e9dio e de grande porte do estado. Al\u00e9m &hellip;<\/p>\n","protected":false},"author":1,"featured_media":8222,"comment_status":"open","ping_status":"open","sticky":false,"template":"","format":"standard","meta":{"_jetpack_newsletter_access":"","_jetpack_dont_email_post_to_subs":false,"_jetpack_newsletter_tier_id":0,"_jetpack_memberships_contains_paywalled_content":false,"_jetpack_memberships_contains_paid_content":false,"footnotes":""},"categories":[1],"tags":[],"class_list":["post-8221","post","type-post","status-publish","format-standard","has-post-thumbnail","hentry","category-destaque"],"jetpack_sharing_enabled":true,"jetpack_featured_media_url":"","_links":{"self":[{"href":"https:\/\/www.oparanews.com.br\/index.php\/wp-json\/wp\/v2\/posts\/8221","targetHints":{"allow":["GET"]}}],"collection":[{"href":"https:\/\/www.oparanews.com.br\/index.php\/wp-json\/wp\/v2\/posts"}],"about":[{"href":"https:\/\/www.oparanews.com.br\/index.php\/wp-json\/wp\/v2\/types\/post"}],"author":[{"embeddable":true,"href":"https:\/\/www.oparanews.com.br\/index.php\/wp-json\/wp\/v2\/users\/1"}],"replies":[{"embeddable":true,"href":"https:\/\/www.oparanews.com.br\/index.php\/wp-json\/wp\/v2\/comments?post=8221"}],"version-history":[{"count":0,"href":"https:\/\/www.oparanews.com.br\/index.php\/wp-json\/wp\/v2\/posts\/8221\/revisions"}],"wp:attachment":[{"href":"https:\/\/www.oparanews.com.br\/index.php\/wp-json\/wp\/v2\/media?parent=8221"}],"wp:term":[{"taxonomy":"category","embeddable":true,"href":"https:\/\/www.oparanews.com.br\/index.php\/wp-json\/wp\/v2\/categories?post=8221"},{"taxonomy":"post_tag","embeddable":true,"href":"https:\/\/www.oparanews.com.br\/index.php\/wp-json\/wp\/v2\/tags?post=8221"}],"curies":[{"name":"wp","href":"https:\/\/api.w.org\/{rel}","templated":true}]}}