{"id":8224,"date":"2020-07-26T01:20:59","date_gmt":"2020-07-26T01:20:59","guid":{"rendered":"https:\/\/oparanews.com.br\/?p=8224"},"modified":"2020-07-26T01:20:59","modified_gmt":"2020-07-26T01:20:59","slug":"penedo-tem-739-pessoas-curadas-da-covid-19","status":"publish","type":"post","link":"https:\/\/www.oparanews.com.br\/index.php\/2020\/07\/26\/penedo-tem-739-pessoas-curadas-da-covid-19\/","title":{"rendered":"Penedo tem 739 pessoas curadas da Covid-19"},"content":{"rendered":"<p>A Prefeitura de Penedo por meio da Secretaria Municipal de Sa\u00fade atualizou nesse s\u00e1bado (25), as informa\u00e7\u00f5es referentes a pandemia de Covid-19 no munic\u00edpio, divulgando um novo boletim epidemiol\u00f3gico.<\/p>\n<p><a href=\"https:\/\/oparanews.com.br\/wp-content\/uploads\/2020\/07\/Sem-t\u00edtulo-183.jpg\"><img loading=\"lazy\" decoding=\"async\" class=\"alignleft wp-image-8225 size-medium\" src=\"https:\/\/oparanews.com.br\/wp-content\/uploads\/2020\/07\/Sem-t\u00edtulo-183-273x300.jpg\" alt=\"\" width=\"273\" height=\"300\" \/><\/a>De acordo com os dados atualizados, o munic\u00edpio n\u00e3o registrou novos casos nas ultimas 24h e tamb\u00e9m teve registrado mais 69 pessoas curadas de Covid-19.<\/p>\n<p>Ao todo 739 pessoas j\u00e1 se recuperaram da doen\u00e7a, em um total de 760 casos confirmados no munic\u00edpio.<\/p>\n<p>Al\u00e9m disso, 119 pessoas est\u00e3o sendo monitoradas em Penedo, 3 casos s\u00e3o classificados como suspeitos e 853 casos foram descartados.<\/p>\n<p>A Prefeitura de Penedo orienta a popula\u00e7\u00e3o a procurar a Unidade de Refer\u00eancia em S\u00edndromes Gripais, logo que apare\u00e7am os primeiros sintomas.<\/p>\n<p><strong>Alagoas<\/strong><\/p>\n<p>Em todo o Estado existem 949 casos considerados suspeitos, 54.730 casos confirmados, 47.557 curados e 1.486 \u00f3bitos decorrentes de Covid-19.<\/p>\n<p>&nbsp;<\/p>\n<p><strong>por Thiago Sobral &#8211; Decom (PMP)<\/strong><\/p>\n<p>&nbsp;<\/p>\n","protected":false},"excerpt":{"rendered":"<p>A Prefeitura de Penedo por meio da Secretaria Municipal de Sa\u00fade atualizou nesse s\u00e1bado (25), as informa\u00e7\u00f5es referentes a pandemia de Covid-19 no munic\u00edpio, divulgando um novo boletim epidemiol\u00f3gico. De acordo com os dados atualizados, o munic\u00edpio n\u00e3o registrou novos casos nas ultimas 24h e tamb\u00e9m teve registrado mais 69 pessoas curadas de Covid-19. Ao &hellip;<\/p>\n","protected":false},"author":1,"featured_media":8226,"comment_status":"open","ping_status":"open","sticky":false,"template":"","format":"standard","meta":{"_jetpack_newsletter_access":"","_jetpack_dont_email_post_to_subs":false,"_jetpack_newsletter_tier_id":0,"_jetpack_memberships_contains_paywalled_content":false,"_jetpack_memberships_contains_paid_content":false,"footnotes":""},"categories":[1],"tags":[],"class_list":["post-8224","post","type-post","status-publish","format-standard","has-post-thumbnail","hentry","category-destaque"],"jetpack_sharing_enabled":true,"jetpack_featured_media_url":"","_links":{"self":[{"href":"https:\/\/www.oparanews.com.br\/index.php\/wp-json\/wp\/v2\/posts\/8224","targetHints":{"allow":["GET"]}}],"collection":[{"href":"https:\/\/www.oparanews.com.br\/index.php\/wp-json\/wp\/v2\/posts"}],"about":[{"href":"https:\/\/www.oparanews.com.br\/index.php\/wp-json\/wp\/v2\/types\/post"}],"author":[{"embeddable":true,"href":"https:\/\/www.oparanews.com.br\/index.php\/wp-json\/wp\/v2\/users\/1"}],"replies":[{"embeddable":true,"href":"https:\/\/www.oparanews.com.br\/index.php\/wp-json\/wp\/v2\/comments?post=8224"}],"version-history":[{"count":0,"href":"https:\/\/www.oparanews.com.br\/index.php\/wp-json\/wp\/v2\/posts\/8224\/revisions"}],"wp:attachment":[{"href":"https:\/\/www.oparanews.com.br\/index.php\/wp-json\/wp\/v2\/media?parent=8224"}],"wp:term":[{"taxonomy":"category","embeddable":true,"href":"https:\/\/www.oparanews.com.br\/index.php\/wp-json\/wp\/v2\/categories?post=8224"},{"taxonomy":"post_tag","embeddable":true,"href":"https:\/\/www.oparanews.com.br\/index.php\/wp-json\/wp\/v2\/tags?post=8224"}],"curies":[{"name":"wp","href":"https:\/\/api.w.org\/{rel}","templated":true}]}}