{"id":8228,"date":"2020-07-26T01:33:43","date_gmt":"2020-07-26T01:33:43","guid":{"rendered":"https:\/\/oparanews.com.br\/?p=8228"},"modified":"2020-07-26T01:33:43","modified_gmt":"2020-07-26T01:33:43","slug":"ernande-pinheiro-volta-a-cobrar-abrigos-para-usuarios-do-transporte-coletivo","status":"publish","type":"post","link":"https:\/\/www.oparanews.com.br\/index.php\/2020\/07\/26\/ernande-pinheiro-volta-a-cobrar-abrigos-para-usuarios-do-transporte-coletivo\/","title":{"rendered":"Ernande Pinheiro volta a cobrar abrigos para usu\u00e1rios do transporte coletivo"},"content":{"rendered":"<p>O Vereador Ernande Pinheiro refez um pleito j\u00e1 apresentado por ele ao governo municipal, por mais de uma vez: a constru\u00e7\u00e3o de abrigos nos pontos de embarque e desembarque para usu\u00e1rios do transporte coletivo, tanto na cidade quanto na zona rural de Penedo.<\/p>\n<p>\u201cN\u00e3o sei se \u00e9 o segundo, terceiro, quarto ou d\u00e9cimo requerimento que fa\u00e7o solicitando abrigo de \u00f4nibus no interior\u201d, citando as comunidades Palmeira Alta, Espig\u00e3o, Prosperidade,e tamb\u00e9m para os pontos situados dentro da cidade, ressaltou Pinheiro.<\/p>\n<p>Ele frisou que j\u00e1 fez, pessoalmente, o pleito ao Secret\u00e1rio Municipal de Infraestrutura e Obras, Valmir Lessa, que lhe informou a exist\u00eancia de projeto. \u201cEu n\u00e3o quero ver projeto, eu quero ver \u00e9 a realiza\u00e7\u00e3o. Onde eu chego, no interior, o pessoal cobra esse abrigo e aqui em Penedo \u00e9 a mesma coisa\u201d, concluiu.<\/p>\n<p>&nbsp;<\/p>\n<p><strong>Por Ascom CMP<\/strong><\/p>\n<p>&nbsp;<\/p>\n","protected":false},"excerpt":{"rendered":"<p>O Vereador Ernande Pinheiro refez um pleito j\u00e1 apresentado por ele ao governo municipal, por mais de uma vez: a constru\u00e7\u00e3o de abrigos nos pontos de embarque e desembarque para usu\u00e1rios do transporte coletivo, tanto na cidade quanto na zona rural de Penedo. \u201cN\u00e3o sei se \u00e9 o segundo, terceiro, quarto ou d\u00e9cimo requerimento que &hellip;<\/p>\n","protected":false},"author":1,"featured_media":8229,"comment_status":"open","ping_status":"open","sticky":false,"template":"","format":"standard","meta":{"_jetpack_newsletter_access":"","_jetpack_dont_email_post_to_subs":false,"_jetpack_newsletter_tier_id":0,"_jetpack_memberships_contains_paywalled_content":false,"_jetpack_memberships_contains_paid_content":false,"footnotes":""},"categories":[1],"tags":[],"class_list":["post-8228","post","type-post","status-publish","format-standard","has-post-thumbnail","hentry","category-destaque"],"jetpack_sharing_enabled":true,"jetpack_featured_media_url":"","_links":{"self":[{"href":"https:\/\/www.oparanews.com.br\/index.php\/wp-json\/wp\/v2\/posts\/8228","targetHints":{"allow":["GET"]}}],"collection":[{"href":"https:\/\/www.oparanews.com.br\/index.php\/wp-json\/wp\/v2\/posts"}],"about":[{"href":"https:\/\/www.oparanews.com.br\/index.php\/wp-json\/wp\/v2\/types\/post"}],"author":[{"embeddable":true,"href":"https:\/\/www.oparanews.com.br\/index.php\/wp-json\/wp\/v2\/users\/1"}],"replies":[{"embeddable":true,"href":"https:\/\/www.oparanews.com.br\/index.php\/wp-json\/wp\/v2\/comments?post=8228"}],"version-history":[{"count":0,"href":"https:\/\/www.oparanews.com.br\/index.php\/wp-json\/wp\/v2\/posts\/8228\/revisions"}],"wp:attachment":[{"href":"https:\/\/www.oparanews.com.br\/index.php\/wp-json\/wp\/v2\/media?parent=8228"}],"wp:term":[{"taxonomy":"category","embeddable":true,"href":"https:\/\/www.oparanews.com.br\/index.php\/wp-json\/wp\/v2\/categories?post=8228"},{"taxonomy":"post_tag","embeddable":true,"href":"https:\/\/www.oparanews.com.br\/index.php\/wp-json\/wp\/v2\/tags?post=8228"}],"curies":[{"name":"wp","href":"https:\/\/api.w.org\/{rel}","templated":true}]}}