{"id":8234,"date":"2020-07-26T01:37:45","date_gmt":"2020-07-26T01:37:45","guid":{"rendered":"https:\/\/oparanews.com.br\/?p=8234"},"modified":"2020-07-26T01:37:45","modified_gmt":"2020-07-26T01:37:45","slug":"prefeitura-de-penedo-publica-regras-sobre-flexibilizacao-do-comercio-e-setor-de-servicos","status":"publish","type":"post","link":"https:\/\/www.oparanews.com.br\/index.php\/2020\/07\/26\/prefeitura-de-penedo-publica-regras-sobre-flexibilizacao-do-comercio-e-setor-de-servicos\/","title":{"rendered":"Prefeitura de Penedo publica regras sobre flexibiliza\u00e7\u00e3o do com\u00e9rcio e setor de servi\u00e7os"},"content":{"rendered":"<p>A retomada gradual dos setores do com\u00e9rcio e servi\u00e7os em Penedo j\u00e1 tem todos os protocolos previstos. O regramento debatido entre empres\u00e1rios, lojistas, vereadores e representantes da Prefeitura de Penedo est\u00e1 publicado no Di\u00e1rio Oficial do Munic\u00edpio.<\/p>\n<p>Por meio do Comit\u00ea de Gerenciamento Econ\u00f4mico de Impactos Relacionados \u00e0 Covid-19, a Prefeitura de Penedo e todos os segmentos envolvidos no trabalho aderiram ao Protocolo Sanit\u00e1rio de Distanciamento Social Controlado de Alagoas, publicada no Di\u00e1rio Oficial do Estado em 15 de junho de 2020.<\/p>\n<p>Com exce\u00e7\u00e3o de munic\u00edpios do Litoral Norte de Alagoas, da regi\u00e3o metropolitana de Macei\u00f3 e da capital alagoana, todos os demais do estado continuam na chamada fase vermelha, com todas as restri\u00e7\u00f5es impostas pela pandemia do novo coronav\u00edrus.<\/p>\n<p>Considerando os resultados das a\u00e7\u00f5es preventivas de enfrentamento ao coronav\u00edrus e o trabalho desenvolvido no munic\u00edpio com taxa de ocorr\u00eancia da doen\u00e7a 300% menor do que nos demais munic\u00edpios de Alagoas, Penedo se habilita aos processo de flexibiliza\u00e7\u00e3o das atividades econ\u00f4micas.<\/p>\n<p><a href=\"https:\/\/io.org.br\/al\/penedo\/prefeitura\/diarioOficial\/download\/11064\/1444\/D030D9783A9BBF84DA499884C9824FEB0EE01CA1\"><strong>Todos os passos do protocolo podem ser conferidos clicando aqui<\/strong><\/a><\/p>\n<p>&nbsp;<\/p>\n<p><strong>por Fernando Vin\u00edcius \u2013 Decom PMP<\/strong><\/p>\n<p>&nbsp;<\/p>\n","protected":false},"excerpt":{"rendered":"<p>A retomada gradual dos setores do com\u00e9rcio e servi\u00e7os em Penedo j\u00e1 tem todos os protocolos previstos. O regramento debatido entre empres\u00e1rios, lojistas, vereadores e representantes da Prefeitura de Penedo est\u00e1 publicado no Di\u00e1rio Oficial do Munic\u00edpio. Por meio do Comit\u00ea de Gerenciamento Econ\u00f4mico de Impactos Relacionados \u00e0 Covid-19, a Prefeitura de Penedo e todos &hellip;<\/p>\n","protected":false},"author":1,"featured_media":8235,"comment_status":"open","ping_status":"open","sticky":false,"template":"","format":"standard","meta":{"_jetpack_newsletter_access":"","_jetpack_dont_email_post_to_subs":false,"_jetpack_newsletter_tier_id":0,"_jetpack_memberships_contains_paywalled_content":false,"_jetpack_memberships_contains_paid_content":false,"footnotes":""},"categories":[1],"tags":[],"class_list":["post-8234","post","type-post","status-publish","format-standard","has-post-thumbnail","hentry","category-destaque"],"jetpack_sharing_enabled":true,"jetpack_featured_media_url":"","_links":{"self":[{"href":"https:\/\/www.oparanews.com.br\/index.php\/wp-json\/wp\/v2\/posts\/8234","targetHints":{"allow":["GET"]}}],"collection":[{"href":"https:\/\/www.oparanews.com.br\/index.php\/wp-json\/wp\/v2\/posts"}],"about":[{"href":"https:\/\/www.oparanews.com.br\/index.php\/wp-json\/wp\/v2\/types\/post"}],"author":[{"embeddable":true,"href":"https:\/\/www.oparanews.com.br\/index.php\/wp-json\/wp\/v2\/users\/1"}],"replies":[{"embeddable":true,"href":"https:\/\/www.oparanews.com.br\/index.php\/wp-json\/wp\/v2\/comments?post=8234"}],"version-history":[{"count":0,"href":"https:\/\/www.oparanews.com.br\/index.php\/wp-json\/wp\/v2\/posts\/8234\/revisions"}],"wp:attachment":[{"href":"https:\/\/www.oparanews.com.br\/index.php\/wp-json\/wp\/v2\/media?parent=8234"}],"wp:term":[{"taxonomy":"category","embeddable":true,"href":"https:\/\/www.oparanews.com.br\/index.php\/wp-json\/wp\/v2\/categories?post=8234"},{"taxonomy":"post_tag","embeddable":true,"href":"https:\/\/www.oparanews.com.br\/index.php\/wp-json\/wp\/v2\/tags?post=8234"}],"curies":[{"name":"wp","href":"https:\/\/api.w.org\/{rel}","templated":true}]}}