{"id":8240,"date":"2020-07-26T01:43:23","date_gmt":"2020-07-26T01:43:23","guid":{"rendered":"https:\/\/oparanews.com.br\/?p=8240"},"modified":"2020-07-26T01:43:23","modified_gmt":"2020-07-26T01:43:23","slug":"rio-suspende-festa-de-reveillon-carnaval-esta-ameacado","status":"publish","type":"post","link":"https:\/\/www.oparanews.com.br\/index.php\/2020\/07\/26\/rio-suspende-festa-de-reveillon-carnaval-esta-ameacado\/","title":{"rendered":"Rio suspende festa de R\u00e9veillon; Carnaval est\u00e1 amea\u00e7ado"},"content":{"rendered":"<p>A pandemia do novo coronav\u00edrus levou a Prefeitura do Rio de Janeiro a cancelar a tradicional festa de R\u00e9veillon, que costuma atrair milh\u00f5es de pessoas para a orla de Copacabana, na zona sul da cidade. O Carnaval tamb\u00e9m est\u00e1 sob risco, caso n\u00e3o uma vacina contra a covid-19 n\u00e3o esteja dispon\u00edvel at\u00e9 fevereiro.<\/p>\n<p>&#8220;Com rela\u00e7\u00e3o ao R\u00e9veillon, esse modelo tradicional que conhecemos e que praticamos na cidade h\u00e1 anos, assim como o Carnaval, n\u00e3o \u00e9 vi\u00e1vel neste cen\u00e1rio de pandemia, sem a exist\u00eancia de uma vacina&#8221;, justificou a prefeitura, em nota.<\/p>\n<p>No texto, o governo municipal menciona que os festejos pela chegada de 2021 podem acontecer de diferentes formas, que n\u00e3o a tradicional. A Riotur, empresa de turismo do munic\u00edpio, apresentar\u00e1 ao prefeito Marcelo Crivella nos pr\u00f3ximos dias outros formatos poss\u00edveis para o evento da virada, sem presen\u00e7a direta de p\u00fablico, com transmiss\u00e3o pela televis\u00e3o e plataformas digitais, &#8220;preservando prioritariamente a seguran\u00e7a das pessoas e considerando tamb\u00e9m uma atmosfera de reflex\u00e3o e esperan\u00e7a diante de tantas perdas sofridas&#8221;.<\/p>\n<p>A Riotur afirma que todas as possibilidades em an\u00e1lise teriam viabilidade financeira focada 100% na iniciativa privada, uma vez que os recursos municipais teriam como prioridade o combate \u00e0 pandemia.<\/p>\n<p>Quanto ao Carnaval de 2021, a Riotur informa que, atendendo ao pedido da Liga Independente das Escolas de Samba do Rio de Janeiro (Liesa), n\u00e3o abriu a venda de ingressos para o setor tur\u00edstico do Samb\u00f3dromo. O \u00f3rg\u00e3o aguarda a pr\u00f3xima assembleia da Liesa, que definir\u00e1 o rumo dos desfiles e comunicar\u00e1 \u00e0 Prefeitura do Rio, diz a nota.<\/p>\n<p>Tampouco h\u00e1 defini\u00e7\u00e3o para o Carnaval de rua no Rio, &#8220;j\u00e1 que o planejamento deste evento \u00e9 naturalmente complexo e, no cen\u00e1rio atual, requer cuidados especiais&#8221;, lembra a Riotur.<\/p>\n<p>&#8220;A festa re\u00fane milh\u00f5es de pessoas e, durante o per\u00edodo da folia, h\u00e1 uma intensa movimenta\u00e7\u00e3o pela cidade, incluindo o aumento do uso do transporte p\u00fablico durante um extenso per\u00edodo de tempo. Para decis\u00f5es, precisamos de uma an\u00e1lise de toda a situa\u00e7\u00e3o, incluindo o n\u00famero de casos, a evolu\u00e7\u00e3o no tratamento da doen\u00e7a, a preven\u00e7\u00e3o e a cria\u00e7\u00e3o de uma vacina, visando sempre a seguran\u00e7a de todos. Vale lembrar ainda que o Carnaval \u00e9 um feriado nacional e envolve outras esferas, e n\u00e3o apenas a municipal, sendo, portanto, uma discuss\u00e3o muito mais ampla, que inclui principalmente resultados de estudos cient\u00edficos&#8221;, informou.<\/p>\n<p>S\u00e3o Paulo tamb\u00e9m cancelou R\u00e9veillon e adia Carnaval<\/p>\n<p>O prefeito de S\u00e3o Paulo, Bruno Covas (PSDB), anunciou, no dia 17 de julho, o cancelamento do R\u00e9veillon na Avenida Paulista. O evento de virada de ano atraiu 2 milh\u00f5es de pessoas na \u00faltima edi\u00e7\u00e3o, das quais 41% n\u00e3o residiam na capital. A festa de ano-novo costuma incluir apresenta\u00e7\u00f5es musicais e queima de fogos.<\/p>\n<p>O Carnaval de rua e os desfiles das escolas de samba de S\u00e3o Paulo est\u00e3o adiados para uma data ainda a ser definida em 2021. H\u00e1 propostas para que as festividades ocorram no fim do m\u00eas de maio ou em julho.<\/p>\n<p>&nbsp;<\/p>\n<p><strong>Fonte: Terra<\/strong><\/p>\n<p>&nbsp;<\/p>\n","protected":false},"excerpt":{"rendered":"<p>A pandemia do novo coronav\u00edrus levou a Prefeitura do Rio de Janeiro a cancelar a tradicional festa de R\u00e9veillon, que costuma atrair milh\u00f5es de pessoas para a orla de Copacabana, na zona sul da cidade. O Carnaval tamb\u00e9m est\u00e1 sob risco, caso n\u00e3o uma vacina contra a covid-19 n\u00e3o esteja dispon\u00edvel at\u00e9 fevereiro. &#8220;Com rela\u00e7\u00e3o &hellip;<\/p>\n","protected":false},"author":1,"featured_media":8241,"comment_status":"open","ping_status":"open","sticky":false,"template":"","format":"standard","meta":{"_jetpack_newsletter_access":"","_jetpack_dont_email_post_to_subs":false,"_jetpack_newsletter_tier_id":0,"_jetpack_memberships_contains_paywalled_content":false,"_jetpack_memberships_contains_paid_content":false,"footnotes":""},"categories":[1],"tags":[],"class_list":["post-8240","post","type-post","status-publish","format-standard","has-post-thumbnail","hentry","category-destaque"],"jetpack_sharing_enabled":true,"jetpack_featured_media_url":"","_links":{"self":[{"href":"https:\/\/www.oparanews.com.br\/index.php\/wp-json\/wp\/v2\/posts\/8240","targetHints":{"allow":["GET"]}}],"collection":[{"href":"https:\/\/www.oparanews.com.br\/index.php\/wp-json\/wp\/v2\/posts"}],"about":[{"href":"https:\/\/www.oparanews.com.br\/index.php\/wp-json\/wp\/v2\/types\/post"}],"author":[{"embeddable":true,"href":"https:\/\/www.oparanews.com.br\/index.php\/wp-json\/wp\/v2\/users\/1"}],"replies":[{"embeddable":true,"href":"https:\/\/www.oparanews.com.br\/index.php\/wp-json\/wp\/v2\/comments?post=8240"}],"version-history":[{"count":0,"href":"https:\/\/www.oparanews.com.br\/index.php\/wp-json\/wp\/v2\/posts\/8240\/revisions"}],"wp:attachment":[{"href":"https:\/\/www.oparanews.com.br\/index.php\/wp-json\/wp\/v2\/media?parent=8240"}],"wp:term":[{"taxonomy":"category","embeddable":true,"href":"https:\/\/www.oparanews.com.br\/index.php\/wp-json\/wp\/v2\/categories?post=8240"},{"taxonomy":"post_tag","embeddable":true,"href":"https:\/\/www.oparanews.com.br\/index.php\/wp-json\/wp\/v2\/tags?post=8240"}],"curies":[{"name":"wp","href":"https:\/\/api.w.org\/{rel}","templated":true}]}}