{"id":8262,"date":"2020-07-26T02:07:15","date_gmt":"2020-07-26T02:07:15","guid":{"rendered":"https:\/\/oparanews.com.br\/?p=8262"},"modified":"2020-07-26T02:07:15","modified_gmt":"2020-07-26T02:07:15","slug":"fla-se-reune-com-ex-auxiliar-de-guardiola","status":"publish","type":"post","link":"https:\/\/www.oparanews.com.br\/index.php\/2020\/07\/26\/fla-se-reune-com-ex-auxiliar-de-guardiola\/","title":{"rendered":"Fla se re\u00fane com ex-auxiliar de Guardiola"},"content":{"rendered":"<p>Marcos Braz, vice-presidente de Futebol do Flamengo, e Bruno Spindel, diretor executivo, tiveram uma reuni\u00e3o com Dom\u00e8nec Torrent em Madrid, Espanha, hoje (25). A reuni\u00e3o fez parte da agenda da dupla rubro-negra na Europa, em busca de um substituto do t\u00e9cnico Jorge Jesus. O encontro aconteceu em um restaurante na capital espanhola. Dom\u00e8nec, que j\u00e1 foi auxiliar de Pep Guardiola, est\u00e1 sem clube atualmente, depois de passagem como t\u00e9cnico do New York City FC, dos Estados Unidos.<\/p>\n<p>Braz e Spindel aparecem em imagens feitas no restaurante onde aconteceu a reuni\u00e3o. Um v\u00eddeo que circula nas redes sociais tamb\u00e9m aponta para uma mesa onde est\u00e3o os dirigentes e Dom\u00e8nec Torrent, al\u00e9m de mais uma pessoa.<\/p>\n<p>Os integrantes da c\u00fapula ainda analisam outros nomes e t\u00eam reuni\u00e3o alinhada com o portugu\u00eas Carlos Carvalhal, que hoje conseguiu a classifica\u00e7\u00e3o \u00e0 Liga Europa com o Rio Ave. Marco Silva e Leonardo Jardim s\u00e3o outros nomes no radar. O segundo j\u00e1 indicou uma prefer\u00eancia em permanecer na Europa, mas uma reuni\u00e3o entre as partes n\u00e3o est\u00e1 totalmente descartada.<\/p>\n<p>Jorge Jesus no \u00faltimo dia 17, ap\u00f3s acertar o retorno ao Benfica, de Portugal &#8211; ele havia assinado a renova\u00e7\u00e3o de contrato no in\u00edcio de junho. A passagem dele na G\u00e1vea foi marcante: em 13 meses, foram cinco t\u00edtulos &#8211; Campeonato Brasileiro e Libertadores do ano passado, Supercopa do Brasil, Recopa Sul-Americana e Campeonato Carioca da atual temporada.<\/p>\n<p>&nbsp;<\/p>\n<p><strong>Fonte: UOL<\/strong><\/p>\n<p>&nbsp;<\/p>\n","protected":false},"excerpt":{"rendered":"<p>Marcos Braz, vice-presidente de Futebol do Flamengo, e Bruno Spindel, diretor executivo, tiveram uma reuni\u00e3o com Dom\u00e8nec Torrent em Madrid, Espanha, hoje (25). A reuni\u00e3o fez parte da agenda da dupla rubro-negra na Europa, em busca de um substituto do t\u00e9cnico Jorge Jesus. O encontro aconteceu em um restaurante na capital espanhola. Dom\u00e8nec, que j\u00e1 &hellip;<\/p>\n","protected":false},"author":1,"featured_media":8263,"comment_status":"open","ping_status":"open","sticky":false,"template":"","format":"standard","meta":{"_jetpack_newsletter_access":"","_jetpack_dont_email_post_to_subs":false,"_jetpack_newsletter_tier_id":0,"_jetpack_memberships_contains_paywalled_content":false,"_jetpack_memberships_contains_paid_content":false,"footnotes":""},"categories":[1],"tags":[],"class_list":["post-8262","post","type-post","status-publish","format-standard","has-post-thumbnail","hentry","category-destaque"],"jetpack_sharing_enabled":true,"jetpack_featured_media_url":"","_links":{"self":[{"href":"https:\/\/www.oparanews.com.br\/index.php\/wp-json\/wp\/v2\/posts\/8262","targetHints":{"allow":["GET"]}}],"collection":[{"href":"https:\/\/www.oparanews.com.br\/index.php\/wp-json\/wp\/v2\/posts"}],"about":[{"href":"https:\/\/www.oparanews.com.br\/index.php\/wp-json\/wp\/v2\/types\/post"}],"author":[{"embeddable":true,"href":"https:\/\/www.oparanews.com.br\/index.php\/wp-json\/wp\/v2\/users\/1"}],"replies":[{"embeddable":true,"href":"https:\/\/www.oparanews.com.br\/index.php\/wp-json\/wp\/v2\/comments?post=8262"}],"version-history":[{"count":0,"href":"https:\/\/www.oparanews.com.br\/index.php\/wp-json\/wp\/v2\/posts\/8262\/revisions"}],"wp:attachment":[{"href":"https:\/\/www.oparanews.com.br\/index.php\/wp-json\/wp\/v2\/media?parent=8262"}],"wp:term":[{"taxonomy":"category","embeddable":true,"href":"https:\/\/www.oparanews.com.br\/index.php\/wp-json\/wp\/v2\/categories?post=8262"},{"taxonomy":"post_tag","embeddable":true,"href":"https:\/\/www.oparanews.com.br\/index.php\/wp-json\/wp\/v2\/tags?post=8262"}],"curies":[{"name":"wp","href":"https:\/\/api.w.org\/{rel}","templated":true}]}}