{"id":8268,"date":"2020-07-27T00:49:28","date_gmt":"2020-07-27T00:49:28","guid":{"rendered":"https:\/\/oparanews.com.br\/?p=8268"},"modified":"2020-07-27T00:49:28","modified_gmt":"2020-07-27T00:49:28","slug":"alagoas-chega-a-1-500-mortes-por-covid-19","status":"publish","type":"post","link":"https:\/\/www.oparanews.com.br\/index.php\/2020\/07\/27\/alagoas-chega-a-1-500-mortes-por-covid-19\/","title":{"rendered":"Alagoas chega a 1.500 mortes por Covid-19"},"content":{"rendered":"<p>Alagoas confirmou neste domingo (26) mais 14 mortes e 646 novos casos de Covid-19, doen\u00e7a provocada pelo novo coronav\u00edrus. Com isso, o estado atingiu o n\u00famero de 1.500 mortes e 55.376 casos confirmados da doen\u00e7a. A informa\u00e7\u00e3o \u00e9 do boletim epidemiol\u00f3gico da Secretaria de Estado da Sa\u00fade (Sesau).<\/p>\n<p>Desde o in\u00edcio da pandemia, foram notificados 113.042 mil casos em todo o estado. Entre os casos confirmados, 47.893 pacientes j\u00e1 conseguiram se recuperar.<\/p>\n<p>A atualiza\u00e7\u00e3o feita \u00e0s 10 horas mostra que a taxa de ocupa\u00e7\u00e3o dos leitos de UTI exclusivos para pacientes com suspeita e confirma\u00e7\u00e3o de infec\u00e7\u00e3o pelo novo coronav\u00edrus est\u00e1 em 62%. Considerando os leitos cl\u00ednicos e intermedi\u00e1rios, a ocupa\u00e7\u00e3o est\u00e1 em 35%.<\/p>\n<p>Das 14 novas mortes registradas no estado, apenas 3 foram de pessoas residentes em Macei\u00f3. As outras 11 v\u00edtimas eram moradoras de cidades do interior.<\/p>\n<p>Mais 14 mortes por Covid-19<\/p>\n<p>Macei\u00f3: Homem, 74 anos, sem comorbidades<br \/>\nMacei\u00f3: Mulher, 43 anos, tinha doen\u00e7a renal cr\u00f4nica<br \/>\nMacei\u00f3: Mulher, 82 anos, sem comorbidades<br \/>\nArapiraca: Mulher, 58 anos, sem comorbidades<br \/>\nArapiraca: Mulher, 103 anos, sem comorbidades<br \/>\nArapiraca: Homem, 62 anos, sem comorbidades<br \/>\nCampo Alegre: Homem, 56 anos, sem comorbidades<br \/>\nCampo Alegre: Mulher, 54 anos, sem comorbidades<br \/>\nCoit\u00e9 do N\u00f3ia: Homem, 73 anos, tinha tuberculose e fibrose pulmonar<br \/>\nJequi\u00e1 da Praia: Mulher, 80 anos, diab\u00e9tica<br \/>\nJequi\u00e1 da Praia: Homem, 77 anos, doen\u00e7a cardiovascular<br \/>\nMarechal Deodoro: Mulher, 69 anos, diab\u00e9tica<br \/>\nPenedo: Mulher, 50 anos, diab\u00e9tica<br \/>\nTeot\u00f4nio Vilela: Homem, 75 anos, sem comorbidades<\/p>\n<p>&nbsp;<\/p>\n<p><strong>Fonte: G1\/AL<\/strong><\/p>\n<p>&nbsp;<\/p>\n","protected":false},"excerpt":{"rendered":"<p>Alagoas confirmou neste domingo (26) mais 14 mortes e 646 novos casos de Covid-19, doen\u00e7a provocada pelo novo coronav\u00edrus. Com isso, o estado atingiu o n\u00famero de 1.500 mortes e 55.376 casos confirmados da doen\u00e7a. A informa\u00e7\u00e3o \u00e9 do boletim epidemiol\u00f3gico da Secretaria de Estado da Sa\u00fade (Sesau). Desde o in\u00edcio da pandemia, foram notificados &hellip;<\/p>\n","protected":false},"author":1,"featured_media":7563,"comment_status":"open","ping_status":"open","sticky":false,"template":"","format":"standard","meta":{"_jetpack_newsletter_access":"","_jetpack_dont_email_post_to_subs":false,"_jetpack_newsletter_tier_id":0,"_jetpack_memberships_contains_paywalled_content":false,"_jetpack_memberships_contains_paid_content":false,"footnotes":""},"categories":[1],"tags":[],"class_list":["post-8268","post","type-post","status-publish","format-standard","has-post-thumbnail","hentry","category-destaque"],"jetpack_sharing_enabled":true,"jetpack_featured_media_url":"","_links":{"self":[{"href":"https:\/\/www.oparanews.com.br\/index.php\/wp-json\/wp\/v2\/posts\/8268","targetHints":{"allow":["GET"]}}],"collection":[{"href":"https:\/\/www.oparanews.com.br\/index.php\/wp-json\/wp\/v2\/posts"}],"about":[{"href":"https:\/\/www.oparanews.com.br\/index.php\/wp-json\/wp\/v2\/types\/post"}],"author":[{"embeddable":true,"href":"https:\/\/www.oparanews.com.br\/index.php\/wp-json\/wp\/v2\/users\/1"}],"replies":[{"embeddable":true,"href":"https:\/\/www.oparanews.com.br\/index.php\/wp-json\/wp\/v2\/comments?post=8268"}],"version-history":[{"count":0,"href":"https:\/\/www.oparanews.com.br\/index.php\/wp-json\/wp\/v2\/posts\/8268\/revisions"}],"wp:attachment":[{"href":"https:\/\/www.oparanews.com.br\/index.php\/wp-json\/wp\/v2\/media?parent=8268"}],"wp:term":[{"taxonomy":"category","embeddable":true,"href":"https:\/\/www.oparanews.com.br\/index.php\/wp-json\/wp\/v2\/categories?post=8268"},{"taxonomy":"post_tag","embeddable":true,"href":"https:\/\/www.oparanews.com.br\/index.php\/wp-json\/wp\/v2\/tags?post=8268"}],"curies":[{"name":"wp","href":"https:\/\/api.w.org\/{rel}","templated":true}]}}