{"id":8270,"date":"2020-07-27T00:51:45","date_gmt":"2020-07-27T00:51:45","guid":{"rendered":"https:\/\/oparanews.com.br\/?p=8270"},"modified":"2020-07-27T00:51:45","modified_gmt":"2020-07-27T00:51:45","slug":"sesau-confirma-mais-um-obito-por-covid-19-em-penedo","status":"publish","type":"post","link":"https:\/\/www.oparanews.com.br\/index.php\/2020\/07\/27\/sesau-confirma-mais-um-obito-por-covid-19-em-penedo\/","title":{"rendered":"Sesau confirma mais um \u00f3bito por Covid-19 em Penedo"},"content":{"rendered":"<p>O boletim epidemiol\u00f3gico da Secretaria Municipal de Sa\u00fade deste domingo, 26 de julho, informa mais uma vida perdida para a Covid-19 em Penedo. A v\u00edtima \u00e9 uma mulher de 50 anos de idade, portadora de diabetes que residia na comunidade Cooperativa.<\/p>\n<p>De acordo com informa\u00e7\u00f5es da Secretaria de Estado da Sa\u00fade, ela faleceu no Hospital Universit\u00e1rio, em Macei\u00f3, segundo a atualiza\u00e7\u00e3o das informa\u00e7\u00f5es sobre a pandemia divulgada hoje.<\/p>\n<p>Al\u00e9m do d\u00e9cimo \u00f3bito por Covid-19 em Penedo, o munic\u00edpio registra tr\u00eas casos suspeitos, 119 monitorados, 770 confirmados, 740 curados e 863 descartados.<\/p>\n<p>Sobre a localiza\u00e7\u00e3o das \u00e1reas de Penedo com casos confirmados de Covid-19, o bairro Dom Constantino tem a maior quantidade, com 215. O segundo maior foco de pessoas infectadas pelo coronav\u00edrus est\u00e1 no Barro Duro (bairro Santa Luzia), com 152; e o terceiro com mais de uma centena de registros \u00e9 o Centro da cidade, com 109 casos.<\/p>\n<p>A quarta localidade com maior ocorr\u00eancia de Covid-19 em Penedo \u00e9 o bairro Raimundo Marinho, com 85; seguido do Oiteiro (Senhor do Bonfim), onde foram contabilizados 57 casos confirmados; e o Barro Vermelho (bairro Santo Ant\u00f4nio), com 52 casos.<\/p>\n<p>O quadro da \u00e1rea urbana de Penedo \u00e9 fechado com 18 registros no bairro Santa Izabel \u2013 mais conhecido como Cacimbinhas \u2013 e tr\u00eas casos no Santa Cec\u00edlia, popular Matadouro.<\/p>\n<p>Na zona rural, 29 casos foram registrados na comunidade Tabuleiro dos Negros, 24 na Palmeira Alta, 12 nos dois n\u00facleos da Cooperativa, sete na Capela e mais sete na Santa Margarida.<\/p>\n<p>Quem estiver apresentando sintomas mais comuns de gripe ou diarreia, fadiga, perda do olfato ou do paladar, deve se dirigir at\u00e9 a Unidade de Refer\u00eancia em S\u00edndromes Gripais, situado pr\u00f3ximo do Trevo da Toca do \u00cdndio, na antiga Escola Senai.<\/p>\n<p>O centro de triagem funciona diariamente, inclusive feriados e finais de semana, das sete da manh\u00e3 at\u00e9 as cinco horas da tarde.<\/p>\n<p>&nbsp;<\/p>\n<p><strong>por Fernando Vin\u00edcius \u2013 Decom PMP<\/strong><\/p>\n<p>&nbsp;<\/p>\n","protected":false},"excerpt":{"rendered":"<p>O boletim epidemiol\u00f3gico da Secretaria Municipal de Sa\u00fade deste domingo, 26 de julho, informa mais uma vida perdida para a Covid-19 em Penedo. A v\u00edtima \u00e9 uma mulher de 50 anos de idade, portadora de diabetes que residia na comunidade Cooperativa. De acordo com informa\u00e7\u00f5es da Secretaria de Estado da Sa\u00fade, ela faleceu no Hospital &hellip;<\/p>\n","protected":false},"author":1,"featured_media":5575,"comment_status":"open","ping_status":"open","sticky":false,"template":"","format":"standard","meta":{"_jetpack_newsletter_access":"","_jetpack_dont_email_post_to_subs":false,"_jetpack_newsletter_tier_id":0,"_jetpack_memberships_contains_paywalled_content":false,"_jetpack_memberships_contains_paid_content":false,"footnotes":""},"categories":[1],"tags":[],"class_list":["post-8270","post","type-post","status-publish","format-standard","has-post-thumbnail","hentry","category-destaque"],"jetpack_sharing_enabled":true,"jetpack_featured_media_url":"","_links":{"self":[{"href":"https:\/\/www.oparanews.com.br\/index.php\/wp-json\/wp\/v2\/posts\/8270","targetHints":{"allow":["GET"]}}],"collection":[{"href":"https:\/\/www.oparanews.com.br\/index.php\/wp-json\/wp\/v2\/posts"}],"about":[{"href":"https:\/\/www.oparanews.com.br\/index.php\/wp-json\/wp\/v2\/types\/post"}],"author":[{"embeddable":true,"href":"https:\/\/www.oparanews.com.br\/index.php\/wp-json\/wp\/v2\/users\/1"}],"replies":[{"embeddable":true,"href":"https:\/\/www.oparanews.com.br\/index.php\/wp-json\/wp\/v2\/comments?post=8270"}],"version-history":[{"count":0,"href":"https:\/\/www.oparanews.com.br\/index.php\/wp-json\/wp\/v2\/posts\/8270\/revisions"}],"wp:attachment":[{"href":"https:\/\/www.oparanews.com.br\/index.php\/wp-json\/wp\/v2\/media?parent=8270"}],"wp:term":[{"taxonomy":"category","embeddable":true,"href":"https:\/\/www.oparanews.com.br\/index.php\/wp-json\/wp\/v2\/categories?post=8270"},{"taxonomy":"post_tag","embeddable":true,"href":"https:\/\/www.oparanews.com.br\/index.php\/wp-json\/wp\/v2\/tags?post=8270"}],"curies":[{"name":"wp","href":"https:\/\/api.w.org\/{rel}","templated":true}]}}