{"id":8272,"date":"2020-07-27T00:56:18","date_gmt":"2020-07-27T00:56:18","guid":{"rendered":"https:\/\/oparanews.com.br\/?p=8272"},"modified":"2020-07-27T00:56:18","modified_gmt":"2020-07-27T00:56:18","slug":"pros-forma-chapa-de-pre-candidatos-a-vereadores-em-penedo","status":"publish","type":"post","link":"https:\/\/www.oparanews.com.br\/index.php\/2020\/07\/27\/pros-forma-chapa-de-pre-candidatos-a-vereadores-em-penedo\/","title":{"rendered":"PROS forma chapa de pr\u00e9-candidatos a vereadores em Penedo"},"content":{"rendered":"<p>Em Penedo, a uni\u00e3o entre Cidoca Andrade e Nilson Ernesto resultou na forma\u00e7\u00e3o de um forte grupo de pr\u00e9-candidatos a vereadores pelo Partido Republicano da Ordem Social (PROS) em Alagoas. A sigla estuda a possibilidade de lan\u00e7ar chapa para concorrer ao cargo de prefeito da cidade.<\/p>\n<p>&#8220;O grupo de Penedo tem muita qualidade para enfrentar de cabe\u00e7a erguida o pleito eleitoral. Temos convic\u00e7\u00e3o que podemos fazer a cidade evoluir em todos os setores se caso consigamos eleger alguns da nossa chapa de vereadores. Hoje, n\u00e3o temos pr\u00e9-candidato a prefeito, mas estamos avaliando a possibilidade&#8221;, disse o presidente estadual, Eduardo Rossiter.<\/p>\n<p>Durante a reuni\u00e3o no Baixo S\u00e3o Francisco, Rossiter tirou todas as d\u00favidas sobre o processo eleitoral de 2020, e isso foi bastante aproveitado pela pr\u00e9-candidata Maria que est\u00e1 se lan\u00e7ando na pol\u00edtica pela primeira vez. &#8220;Sempre tive vontade de ingressar na pol\u00edtica, mas s\u00f3 agora me sinto livre para isso devido a forte base que o PROS nos oferece. Estou contando com o apoio de amigos que querem ver a cidade mudar. Espero obter a candidatura&#8221;, disse.<\/p>\n<p>Na mesma frequ\u00eancia est\u00e1 o Sargento R\u00e9gis, que tamb\u00e9m almeja alcan\u00e7ar vaga na C\u00e2mara Municipal. &#8220;Quero fazer o melhor pela minha cidade. Oferecendo uma melhor condi\u00e7\u00e3o social para meus conterr\u00e2neos, com sa\u00fade, educa\u00e7\u00e3o e seguran\u00e7a de melhor qualidade. Estou aqui para o que der e vier&#8221;, declarou.<\/p>\n<p>No PROS, o jovem de Penedo estar\u00e1 em boas m\u00e3os com o pr\u00e9-candidato Marcos Muniz. &#8220;Meu foco \u00e9 trabalhar com as juventudes dentro das comunidades. Quero representar os penedenses dentro da C\u00e2mara para conseguir dar assist\u00eancia \u00e0 estas pessoas que tanto precisam&#8221;, falou.<\/p>\n<p>O per\u00edodo de elei\u00e7\u00f5es deste ano acontecer\u00e1 no dia 15 de novembro. O segundo turno, caso haja necessidade, tem previs\u00e3o de ocorrer em 29 de novembro.<\/p>\n<p>&nbsp;<\/p>\n<p><strong>por Clariza Santos\/gazetaweb com assessoria<\/strong><\/p>\n<p>&nbsp;<\/p>\n","protected":false},"excerpt":{"rendered":"<p>Em Penedo, a uni\u00e3o entre Cidoca Andrade e Nilson Ernesto resultou na forma\u00e7\u00e3o de um forte grupo de pr\u00e9-candidatos a vereadores pelo Partido Republicano da Ordem Social (PROS) em Alagoas. A sigla estuda a possibilidade de lan\u00e7ar chapa para concorrer ao cargo de prefeito da cidade. &#8220;O grupo de Penedo tem muita qualidade para enfrentar &hellip;<\/p>\n","protected":false},"author":1,"featured_media":8273,"comment_status":"open","ping_status":"open","sticky":false,"template":"","format":"standard","meta":{"_jetpack_newsletter_access":"","_jetpack_dont_email_post_to_subs":false,"_jetpack_newsletter_tier_id":0,"_jetpack_memberships_contains_paywalled_content":false,"_jetpack_memberships_contains_paid_content":false,"footnotes":""},"categories":[1],"tags":[],"class_list":["post-8272","post","type-post","status-publish","format-standard","has-post-thumbnail","hentry","category-destaque"],"jetpack_sharing_enabled":true,"jetpack_featured_media_url":"","_links":{"self":[{"href":"https:\/\/www.oparanews.com.br\/index.php\/wp-json\/wp\/v2\/posts\/8272","targetHints":{"allow":["GET"]}}],"collection":[{"href":"https:\/\/www.oparanews.com.br\/index.php\/wp-json\/wp\/v2\/posts"}],"about":[{"href":"https:\/\/www.oparanews.com.br\/index.php\/wp-json\/wp\/v2\/types\/post"}],"author":[{"embeddable":true,"href":"https:\/\/www.oparanews.com.br\/index.php\/wp-json\/wp\/v2\/users\/1"}],"replies":[{"embeddable":true,"href":"https:\/\/www.oparanews.com.br\/index.php\/wp-json\/wp\/v2\/comments?post=8272"}],"version-history":[{"count":0,"href":"https:\/\/www.oparanews.com.br\/index.php\/wp-json\/wp\/v2\/posts\/8272\/revisions"}],"wp:attachment":[{"href":"https:\/\/www.oparanews.com.br\/index.php\/wp-json\/wp\/v2\/media?parent=8272"}],"wp:term":[{"taxonomy":"category","embeddable":true,"href":"https:\/\/www.oparanews.com.br\/index.php\/wp-json\/wp\/v2\/categories?post=8272"},{"taxonomy":"post_tag","embeddable":true,"href":"https:\/\/www.oparanews.com.br\/index.php\/wp-json\/wp\/v2\/tags?post=8272"}],"curies":[{"name":"wp","href":"https:\/\/api.w.org\/{rel}","templated":true}]}}