{"id":8275,"date":"2020-07-27T00:58:37","date_gmt":"2020-07-27T00:58:37","guid":{"rendered":"https:\/\/oparanews.com.br\/?p=8275"},"modified":"2020-07-27T00:58:37","modified_gmt":"2020-07-27T00:58:37","slug":"brasil-passa-de-24-milhoes-de-infectados-e-tem-86-591-vitimas-da-covid","status":"publish","type":"post","link":"https:\/\/www.oparanews.com.br\/index.php\/2020\/07\/27\/brasil-passa-de-24-milhoes-de-infectados-e-tem-86-591-vitimas-da-covid\/","title":{"rendered":"Brasil passa de 2,4 milh\u00f5es de infectados e tem 86.591 v\u00edtimas da Covid"},"content":{"rendered":"<p>O Brasil tem 86.591 mortes por coronav\u00edrus confirmadas at\u00e9 as 13h deste domingo (26), segundo levantamento do cons\u00f3rcio de ve\u00edculos de imprensa junto \u00e0s secretarias estaduais de sa\u00fade.<\/p>\n<p>Veja os n\u00fameros:<\/p>\n<p>86.591 mortes<br \/>\n2.402.255 casos<\/p>\n<p>\u00c0s 20h de s\u00e1bado (25), o cons\u00f3rcio divulgou que as secretarias estaduais de sa\u00fade confirmaram 1.111 mortes nas 24 horas anteriores ao balan\u00e7o. Com isso, a m\u00e9dia m\u00f3vel de novas mortes no Brasil em 7 dias at\u00e9 ent\u00e3o foi de 1.097 mortes por dia, recorde da pandemia e alta de 6% em 14 dias.<\/p>\n<p>Sobre os infectados, foram 48.234 confirmados em 24 horas at\u00e9 o fechamento do boletim das 20h de s\u00e1bado. Com isso, a m\u00e9dia m\u00f3vel de casos foi de 45.884 por dia, uma alta de 23% em rela\u00e7\u00e3o aos casos registrados em 14 dias.<\/p>\n<p>No total, de acordo com o balan\u00e7o das 20h de s\u00e1bado, 11 estados apresentam alta de mortes: PR, RS, SC,MG, RJ, GO, MS, AP, RO, RR, TO. Em rela\u00e7\u00e3o a sexta-feira (24), MG, RJ e RR deixaram a lista de estados com estabilidade.<\/p>\n<p>Os dados do balan\u00e7o levam conta os casos e mortes divulgados nas \u00faltimas 24 horas pelas secretarias estaduais. Nem todos ocorreram necessariamente nesse intervalo.<\/p>\n<p>(Entre as 20h de s\u00e1bado e as 13h deste domingo 8 estados, al\u00e9m do DF, divulgaram novos dados: BA, CE, GO, MG, MS, RN, RR e TO. \u00c0s 8h de domingo, o primeiro balan\u00e7o do dia apontou 86.508 \u00f3bitos e 2.397.169 casos confirmados)<\/p>\n<p>&nbsp;<\/p>\n<p><strong>Fonte: G1<\/strong><\/p>\n<p>&nbsp;<\/p>\n","protected":false},"excerpt":{"rendered":"<p>O Brasil tem 86.591 mortes por coronav\u00edrus confirmadas at\u00e9 as 13h deste domingo (26), segundo levantamento do cons\u00f3rcio de ve\u00edculos de imprensa junto \u00e0s secretarias estaduais de sa\u00fade. Veja os n\u00fameros: 86.591 mortes 2.402.255 casos \u00c0s 20h de s\u00e1bado (25), o cons\u00f3rcio divulgou que as secretarias estaduais de sa\u00fade confirmaram 1.111 mortes nas 24 horas &hellip;<\/p>\n","protected":false},"author":1,"featured_media":8276,"comment_status":"open","ping_status":"open","sticky":false,"template":"","format":"standard","meta":{"_jetpack_newsletter_access":"","_jetpack_dont_email_post_to_subs":false,"_jetpack_newsletter_tier_id":0,"_jetpack_memberships_contains_paywalled_content":false,"_jetpack_memberships_contains_paid_content":false,"footnotes":""},"categories":[1],"tags":[],"class_list":["post-8275","post","type-post","status-publish","format-standard","has-post-thumbnail","hentry","category-destaque"],"jetpack_sharing_enabled":true,"jetpack_featured_media_url":"","_links":{"self":[{"href":"https:\/\/www.oparanews.com.br\/index.php\/wp-json\/wp\/v2\/posts\/8275","targetHints":{"allow":["GET"]}}],"collection":[{"href":"https:\/\/www.oparanews.com.br\/index.php\/wp-json\/wp\/v2\/posts"}],"about":[{"href":"https:\/\/www.oparanews.com.br\/index.php\/wp-json\/wp\/v2\/types\/post"}],"author":[{"embeddable":true,"href":"https:\/\/www.oparanews.com.br\/index.php\/wp-json\/wp\/v2\/users\/1"}],"replies":[{"embeddable":true,"href":"https:\/\/www.oparanews.com.br\/index.php\/wp-json\/wp\/v2\/comments?post=8275"}],"version-history":[{"count":0,"href":"https:\/\/www.oparanews.com.br\/index.php\/wp-json\/wp\/v2\/posts\/8275\/revisions"}],"wp:attachment":[{"href":"https:\/\/www.oparanews.com.br\/index.php\/wp-json\/wp\/v2\/media?parent=8275"}],"wp:term":[{"taxonomy":"category","embeddable":true,"href":"https:\/\/www.oparanews.com.br\/index.php\/wp-json\/wp\/v2\/categories?post=8275"},{"taxonomy":"post_tag","embeddable":true,"href":"https:\/\/www.oparanews.com.br\/index.php\/wp-json\/wp\/v2\/tags?post=8275"}],"curies":[{"name":"wp","href":"https:\/\/api.w.org\/{rel}","templated":true}]}}