{"id":8290,"date":"2020-07-27T17:43:34","date_gmt":"2020-07-27T17:43:34","guid":{"rendered":"https:\/\/oparanews.com.br\/?p=8290"},"modified":"2020-07-27T17:43:34","modified_gmt":"2020-07-27T17:43:34","slug":"descumprimento-as-normas-de-prevencao-pode-levar-estado-a-cancelar-reabertura-economica","status":"publish","type":"post","link":"https:\/\/www.oparanews.com.br\/index.php\/2020\/07\/27\/descumprimento-as-normas-de-prevencao-pode-levar-estado-a-cancelar-reabertura-economica\/","title":{"rendered":"Descumprimento \u00e0s normas de preven\u00e7\u00e3o pode levar Estado a cancelar reabertura econ\u00f4mica"},"content":{"rendered":"<p>O vis\u00edvel descumprimento das medidas de preven\u00e7\u00e3o \u00e0 Covid-19 por grande parte da popula\u00e7\u00e3o alagoana levou o governador Renan Filho a alertar, nesta segunda-feira (27), para o risco de retrocesso nas fases de reabertura econ\u00f4mica e de endurecimento do isolamento social. Em postagem nas redes sociais, Renan Filho destacou que Alagoas n\u00e3o voltou \u00e0 normalidade e pediu responsabilidade coletiva no enfrentamento \u00e0 pandemia \u2013 da popula\u00e7\u00e3o e dos gestores municipais, junto aos esfor\u00e7os do Governo do Estado.<\/p>\n<p>\u201cA situa\u00e7\u00e3o em Alagoas continua grave, mesmo com a estabilidade e at\u00e9 a redu\u00e7\u00e3o dos n\u00fameros. Se eles voltarem a subir, tamb\u00e9m teremos que cancelar a reabertura das atividades econ\u00f4micas\u201d, afirmou o governador, lembrando que a fiscaliza\u00e7\u00e3o deve ser intensificada pelos 102 munic\u00edpios alagoanos. \u201cPor isso temos que manter os cuidados, sem relaxar. O que est\u00e1 em jogo \u00e9 a vida de cada alagoana e de cada alagoano!\u201d, acrescentou.<\/p>\n<p>Nos \u00faltimos dias, t\u00eam sido flagrantes as aglomera\u00e7\u00f5es de pessoas e o desrespeito da popula\u00e7\u00e3o a uma das principais normas para evitar o cont\u00e1gio pelo coronav\u00edrus: o uso de m\u00e1scaras de prote\u00e7\u00e3o ao sair de casa. Neste fim de semana, espa\u00e7os p\u00fablicos como praias e ruas, principalmente em Macei\u00f3, estavam cheios de pessoas sem m\u00e1scara e descumprindo o distanciamento social.<\/p>\n<p>\u201cAs aglomera\u00e7\u00f5es, o desrespeito \u00e0s normas sanit\u00e1rias e a recusa em usar a m\u00e1scara n\u00e3o t\u00eam justificativa [\u2026] \u00c9 preciso que cada fam\u00edlia e cada pessoa entenda que n\u00e3o voltamos \u00e0 normalidade\u201d, enfatizou o governador. \u201cSe afrouxarmos os cuidados, os n\u00fameros de contaminados e a perda de vidas v\u00e3o voltar a subir, como est\u00e1 acontecendo em outros estados e pa\u00edses\u201d.<\/p>\n<p>E, em caso de subida dos n\u00fameros de casos confirmados e \u00f3bitos por Covid-19, n\u00e3o restam alternativas a n\u00e3o ser voltar atr\u00e1s nas bandeiras do distanciamento social controlado, que permitiu a retomada da maioria das atividades econ\u00f4micas na capital (fase amarela) e j\u00e1 reabriu parte dos setores nas regi\u00f5es Metropolitana e Norte do estado (fase laranja).<\/p>\n<p>O estado registra 55.376 casos confirmados da doen\u00e7a e 1.500 \u00f3bitos, segundo dados da Secretaria de Estado da Sa\u00fade (Sesau). O secret\u00e1rio de Estado da Sa\u00fade, Alexandre Ayres, reiterou o alerta, sobretudo no que diz respeito \u00e0 conscientiza\u00e7\u00e3o da popula\u00e7\u00e3o.<\/p>\n<p>\u201cO v\u00edrus ainda est\u00e1 circulando em todo o estado e precisamos que as pessoas evitem aglomera\u00e7\u00f5es e usem m\u00e1scaras ao sair de suas casas. Estamos com uma forte queda no n\u00famero de \u00f3bitos em Macei\u00f3, mas o desafio ainda n\u00e3o acabou\u201d, afirmou Ayres.<\/p>\n<p>&nbsp;<\/p>\n<p><strong>Fonte: Ag\u00eancia Alagoas<\/strong><\/p>\n<p>&nbsp;<\/p>\n","protected":false},"excerpt":{"rendered":"<p>O vis\u00edvel descumprimento das medidas de preven\u00e7\u00e3o \u00e0 Covid-19 por grande parte da popula\u00e7\u00e3o alagoana levou o governador Renan Filho a alertar, nesta segunda-feira (27), para o risco de retrocesso nas fases de reabertura econ\u00f4mica e de endurecimento do isolamento social. Em postagem nas redes sociais, Renan Filho destacou que Alagoas n\u00e3o voltou \u00e0 normalidade &hellip;<\/p>\n","protected":false},"author":1,"featured_media":8291,"comment_status":"open","ping_status":"open","sticky":false,"template":"","format":"standard","meta":{"_jetpack_newsletter_access":"","_jetpack_dont_email_post_to_subs":false,"_jetpack_newsletter_tier_id":0,"_jetpack_memberships_contains_paywalled_content":false,"_jetpack_memberships_contains_paid_content":false,"footnotes":""},"categories":[1],"tags":[],"class_list":["post-8290","post","type-post","status-publish","format-standard","has-post-thumbnail","hentry","category-destaque"],"jetpack_sharing_enabled":true,"jetpack_featured_media_url":"","_links":{"self":[{"href":"https:\/\/www.oparanews.com.br\/index.php\/wp-json\/wp\/v2\/posts\/8290","targetHints":{"allow":["GET"]}}],"collection":[{"href":"https:\/\/www.oparanews.com.br\/index.php\/wp-json\/wp\/v2\/posts"}],"about":[{"href":"https:\/\/www.oparanews.com.br\/index.php\/wp-json\/wp\/v2\/types\/post"}],"author":[{"embeddable":true,"href":"https:\/\/www.oparanews.com.br\/index.php\/wp-json\/wp\/v2\/users\/1"}],"replies":[{"embeddable":true,"href":"https:\/\/www.oparanews.com.br\/index.php\/wp-json\/wp\/v2\/comments?post=8290"}],"version-history":[{"count":0,"href":"https:\/\/www.oparanews.com.br\/index.php\/wp-json\/wp\/v2\/posts\/8290\/revisions"}],"wp:attachment":[{"href":"https:\/\/www.oparanews.com.br\/index.php\/wp-json\/wp\/v2\/media?parent=8290"}],"wp:term":[{"taxonomy":"category","embeddable":true,"href":"https:\/\/www.oparanews.com.br\/index.php\/wp-json\/wp\/v2\/categories?post=8290"},{"taxonomy":"post_tag","embeddable":true,"href":"https:\/\/www.oparanews.com.br\/index.php\/wp-json\/wp\/v2\/tags?post=8290"}],"curies":[{"name":"wp","href":"https:\/\/api.w.org\/{rel}","templated":true}]}}