{"id":8302,"date":"2020-07-28T00:05:55","date_gmt":"2020-07-28T00:05:55","guid":{"rendered":"https:\/\/oparanews.com.br\/?p=8302"},"modified":"2020-07-28T00:05:55","modified_gmt":"2020-07-28T00:05:55","slug":"semdsh-distribui-mascaras-em-combate-ao-covid-19-para-criancas-assistidas-pelo-scfv","status":"publish","type":"post","link":"https:\/\/www.oparanews.com.br\/index.php\/2020\/07\/28\/semdsh-distribui-mascaras-em-combate-ao-covid-19-para-criancas-assistidas-pelo-scfv\/","title":{"rendered":"Semdsh distribui m\u00e1scaras em combate ao Covid-19, para crian\u00e7as assistidas pelo SCFV"},"content":{"rendered":"<p>A Secretaria Municipal de Desenvolvimento Social e Habita\u00e7\u00e3o iniciou nessa segunda-feira (27), a distribui\u00e7\u00e3o de m\u00e1scaras, em combate ao Covid-19, para crian\u00e7as assistidas pelo Servi\u00e7o de Conviv\u00eancia e Fortalecimento de V\u00ednculos do munic\u00edpio (antigo PETI).<\/p>\n<p>As entregas que ocorrer\u00e3o at\u00e9 a pr\u00f3xima quarta-feira (28), representa mais uma a\u00e7\u00e3o de fortalecimento de v\u00ednculos da pasta com as comunidades penedenses, na qual al\u00e9m da distribui\u00e7\u00e3o, os benefici\u00e1rios recebem diversas orienta\u00e7\u00f5es sobre o combate a pandemia.<\/p>\n<p>Durante as atividades que ocorreram ao longo de todo o dia, a equipe da Semdsh Penedo percorreu os bairros Santa Cec\u00edlia, popular Matadouro, Santa Isabel, conhecido por Cacimbinhas, Centro e Raimundo Marinho.<\/p>\n<p>J\u00e1 durante os dias 28 e 29, ter\u00e7a e quarta-feira, respectivamente, ser\u00e3o a vez dos Bairros Senhor do Bonfim (Oiteiro) e Santo Ant\u00f4nio (Barro Vermelho), com a participa\u00e7\u00e3o dos CRAS (Centro de Refer\u00eancia em Assist\u00eancia Social) desses logradouros.<\/p>\n<p>De acordo com Elaine Santos, Pedagoga e integrante da equipe que est\u00e1 realizando a entregas das m\u00e1scaras, a a\u00e7\u00e3o consiste em realizar uma aproxima\u00e7\u00e3o comunit\u00e1ria, por meio de visitas domiciliares, por\u00e9m mantendo o devido distanciamento social, durante a distribui\u00e7\u00e3o, como forma de evitar a transmiss\u00e3o do novo Coronav\u00edrus.<\/p>\n<p>Foi o que refor\u00e7ou o pequeno Edgar, assistido pelo SCFV, que destacou a import\u00e2ncia do uso da mascar\u00e1 e em permanecer em casa, como medida protetora contra a Covid-19.<\/p>\n<p>&nbsp;<\/p>\n<p><strong>por Thiago Sobral \u2013 Decom (PMP)<\/strong><\/p>\n<p>&nbsp;<\/p>\n","protected":false},"excerpt":{"rendered":"<p>A Secretaria Municipal de Desenvolvimento Social e Habita\u00e7\u00e3o iniciou nessa segunda-feira (27), a distribui\u00e7\u00e3o de m\u00e1scaras, em combate ao Covid-19, para crian\u00e7as assistidas pelo Servi\u00e7o de Conviv\u00eancia e Fortalecimento de V\u00ednculos do munic\u00edpio (antigo PETI). As entregas que ocorrer\u00e3o at\u00e9 a pr\u00f3xima quarta-feira (28), representa mais uma a\u00e7\u00e3o de fortalecimento de v\u00ednculos da pasta com &hellip;<\/p>\n","protected":false},"author":1,"featured_media":8303,"comment_status":"open","ping_status":"open","sticky":false,"template":"","format":"standard","meta":{"_jetpack_newsletter_access":"","_jetpack_dont_email_post_to_subs":false,"_jetpack_newsletter_tier_id":0,"_jetpack_memberships_contains_paywalled_content":false,"_jetpack_memberships_contains_paid_content":false,"footnotes":""},"categories":[1],"tags":[],"class_list":["post-8302","post","type-post","status-publish","format-standard","has-post-thumbnail","hentry","category-destaque"],"jetpack_sharing_enabled":true,"jetpack_featured_media_url":"","_links":{"self":[{"href":"https:\/\/www.oparanews.com.br\/index.php\/wp-json\/wp\/v2\/posts\/8302","targetHints":{"allow":["GET"]}}],"collection":[{"href":"https:\/\/www.oparanews.com.br\/index.php\/wp-json\/wp\/v2\/posts"}],"about":[{"href":"https:\/\/www.oparanews.com.br\/index.php\/wp-json\/wp\/v2\/types\/post"}],"author":[{"embeddable":true,"href":"https:\/\/www.oparanews.com.br\/index.php\/wp-json\/wp\/v2\/users\/1"}],"replies":[{"embeddable":true,"href":"https:\/\/www.oparanews.com.br\/index.php\/wp-json\/wp\/v2\/comments?post=8302"}],"version-history":[{"count":0,"href":"https:\/\/www.oparanews.com.br\/index.php\/wp-json\/wp\/v2\/posts\/8302\/revisions"}],"wp:attachment":[{"href":"https:\/\/www.oparanews.com.br\/index.php\/wp-json\/wp\/v2\/media?parent=8302"}],"wp:term":[{"taxonomy":"category","embeddable":true,"href":"https:\/\/www.oparanews.com.br\/index.php\/wp-json\/wp\/v2\/categories?post=8302"},{"taxonomy":"post_tag","embeddable":true,"href":"https:\/\/www.oparanews.com.br\/index.php\/wp-json\/wp\/v2\/tags?post=8302"}],"curies":[{"name":"wp","href":"https:\/\/api.w.org\/{rel}","templated":true}]}}