{"id":8308,"date":"2020-07-28T00:22:38","date_gmt":"2020-07-28T00:22:38","guid":{"rendered":"https:\/\/oparanews.com.br\/?p=8308"},"modified":"2020-07-28T00:22:38","modified_gmt":"2020-07-28T00:22:38","slug":"sobe-para-131-o-no-de-indios-com-covid-19-no-distrito-de-al-e-se","status":"publish","type":"post","link":"https:\/\/www.oparanews.com.br\/index.php\/2020\/07\/28\/sobe-para-131-o-no-de-indios-com-covid-19-no-distrito-de-al-e-se\/","title":{"rendered":"Sobe para 131 o n\u00ba de \u00edndios com Covid-19 no distrito de AL e SE"},"content":{"rendered":"<p>Subiu para 131 o n\u00famero de casos confirmados do novo coronav\u00edrus (Covid-19) entre \u00edndios do Distrito Sanit\u00e1rio Ind\u00edgena (Dsei) de Alagoas e Sergipe, de acordo com o Boletim Epidemiol\u00f3gico da Secretaria Especial de Sa\u00fade Ind\u00edgena (SESAI), vinculada ao Minist\u00e9rio da Sa\u00fade (MS). Os dados foram atualizados no \u00faltimo s\u00e1bado (25).<\/p>\n<p>O levantamento ainda mostra que, do total de \u00edndios infectados, 30 est\u00e3o com o v\u00edrus ativos. No entanto, 98 j\u00e1 n\u00e3o apresentam mais sintomas compat\u00edveis ao da doen\u00e7a e foram considerados como curados.<\/p>\n<p>Al\u00e9m disso, 33 casos continuam em investiga\u00e7\u00e3o, aguardando o resultado do exame laboratorial, e 119 testaram negativo, sendo descartados. Outros dois \u00edndios n\u00e3o resistiram aos afeitos do novo coronav\u00edrus e evolu\u00edram para \u00f3bito.<\/p>\n<p>A morte mais recente foi divulgada h\u00e1 quase um m\u00eas, no dia 26 de junho. \u00c0 \u00e9poca, a SESAI relatou que a v\u00edtima pertencia \u00e0 etnia Kariri-Xoc\u00f3 de Porto Real do Col\u00e9gio &#8211; a 170 km de Macei\u00f3. A mesma que registrou a primeira morte, no in\u00edcio de maio de 2020.<\/p>\n<p><strong>Dados da Sesau<\/strong><\/p>\n<p>J\u00e1 os dados reunidos pela Secretaria de Estado da Sa\u00fade (Sesau) apontam que, apenas no territ\u00f3rio alagoano, 76 \u00edndios testaram positivo para o novo coronav\u00edrus. Deles, 48 infectados s\u00e3o do sexo feminino e 38 do sexo masculino.<\/p>\n<p>Mais precisamente, 35 casos confirmados foram registrados na aldeia Kariri-Xoc\u00f3 (Porto Real do Col\u00e9gio e S\u00e3o Br\u00e1s), 22 na Xucuru-Kariri (Palmeira dos \u00cdndios), 10 na Wass\u00fa (Col\u00f4nia Leopoldina, Novo Lino, Joaquim Gomes e Matriz de Camaragibe), quatro na Jeripanc\u00f3 (Pariconha), quatro na Karapot\u00f3 (S\u00e3o Sebasti\u00e3o) e dois na Tingui-Bot\u00f3 (Feira Grande, Campo Grande e Traipu).<\/p>\n<p>&nbsp;<\/p>\n<p><strong>Fonte: Gazetaweb<\/strong><\/p>\n<p>&nbsp;<\/p>\n","protected":false},"excerpt":{"rendered":"<p>Subiu para 131 o n\u00famero de casos confirmados do novo coronav\u00edrus (Covid-19) entre \u00edndios do Distrito Sanit\u00e1rio Ind\u00edgena (Dsei) de Alagoas e Sergipe, de acordo com o Boletim Epidemiol\u00f3gico da Secretaria Especial de Sa\u00fade Ind\u00edgena (SESAI), vinculada ao Minist\u00e9rio da Sa\u00fade (MS). Os dados foram atualizados no \u00faltimo s\u00e1bado (25). O levantamento ainda mostra que, &hellip;<\/p>\n","protected":false},"author":1,"featured_media":8310,"comment_status":"open","ping_status":"open","sticky":false,"template":"","format":"standard","meta":{"_jetpack_newsletter_access":"","_jetpack_dont_email_post_to_subs":false,"_jetpack_newsletter_tier_id":0,"_jetpack_memberships_contains_paywalled_content":false,"_jetpack_memberships_contains_paid_content":false,"footnotes":""},"categories":[1],"tags":[],"class_list":["post-8308","post","type-post","status-publish","format-standard","has-post-thumbnail","hentry","category-destaque"],"jetpack_sharing_enabled":true,"jetpack_featured_media_url":"","_links":{"self":[{"href":"https:\/\/www.oparanews.com.br\/index.php\/wp-json\/wp\/v2\/posts\/8308","targetHints":{"allow":["GET"]}}],"collection":[{"href":"https:\/\/www.oparanews.com.br\/index.php\/wp-json\/wp\/v2\/posts"}],"about":[{"href":"https:\/\/www.oparanews.com.br\/index.php\/wp-json\/wp\/v2\/types\/post"}],"author":[{"embeddable":true,"href":"https:\/\/www.oparanews.com.br\/index.php\/wp-json\/wp\/v2\/users\/1"}],"replies":[{"embeddable":true,"href":"https:\/\/www.oparanews.com.br\/index.php\/wp-json\/wp\/v2\/comments?post=8308"}],"version-history":[{"count":0,"href":"https:\/\/www.oparanews.com.br\/index.php\/wp-json\/wp\/v2\/posts\/8308\/revisions"}],"wp:attachment":[{"href":"https:\/\/www.oparanews.com.br\/index.php\/wp-json\/wp\/v2\/media?parent=8308"}],"wp:term":[{"taxonomy":"category","embeddable":true,"href":"https:\/\/www.oparanews.com.br\/index.php\/wp-json\/wp\/v2\/categories?post=8308"},{"taxonomy":"post_tag","embeddable":true,"href":"https:\/\/www.oparanews.com.br\/index.php\/wp-json\/wp\/v2\/tags?post=8308"}],"curies":[{"name":"wp","href":"https:\/\/api.w.org\/{rel}","templated":true}]}}