{"id":8312,"date":"2020-07-29T02:32:49","date_gmt":"2020-07-29T02:32:49","guid":{"rendered":"https:\/\/oparanews.com.br\/?p=8312"},"modified":"2020-07-29T02:32:49","modified_gmt":"2020-07-29T02:32:49","slug":"penedo-tem-mais-de-800-casos-confirmados-de-covid-19","status":"publish","type":"post","link":"https:\/\/www.oparanews.com.br\/index.php\/2020\/07\/29\/penedo-tem-mais-de-800-casos-confirmados-de-covid-19\/","title":{"rendered":"Penedo tem mais de 800 casos confirmados de Covid-19"},"content":{"rendered":"<p>O boletim epidemiol\u00f3gico da Secretaria Municipal de Sa\u00fade (SEMS) desta ter\u00e7a-feira, 28, mostra que Penedo ultrapassou a marca de 800 casos confirmados de Covid-19.<\/p>\n<p>Os dados atualizados da pandemia do novo coronav\u00edrus no munic\u00edpio registram que 812 pessoas j\u00e1 testaram positivo para a doen\u00e7a respons\u00e1vel por dez \u00f3bitos em Penedo.<\/p>\n<p>O boletim da SEMS Penedo contabiliza ainda 126 pacientes monitorados, tr\u00eas casos suspeitos, 883 descartados e 768 curados da Covid-19.<\/p>\n<p>Em rela\u00e7\u00e3o aos locais com maior n\u00famero de casos confirmados, a atualiza\u00e7\u00e3o das informa\u00e7\u00f5es oficiais resultam na seguinte distribui\u00e7\u00e3o:<\/p>\n<p>\u00c1rea urbana<\/p>\n<p>234 \u2013 Bairro Dom Constantino<br \/>\n161 \u2013 Bairro Santa Luzia<br \/>\n113 \u2013 Bairro Centro da Cidade<br \/>\n87 \u2013 Bairro Raimundo Marinho<br \/>\n59 \u2013 Bairro Senhor do Bonfim<br \/>\n53 \u2013 Bairro Santo Ant\u00f4nio<br \/>\n19 \u2013 Bairro Santa Izabel<br \/>\n03 \u2013 Bairro Santa Cec\u00edlia<\/p>\n<p>Zona Rural<\/p>\n<p>32 \u2013 Povoado Tabuleiro dos Negros<br \/>\n24 \u2013 Povoado Palmeira Alta<br \/>\n13 \u2013 Cooperativa<br \/>\n07 \u2013 Povoado Capela<br \/>\n07 \u2013 Povoado Santa Margarida<\/p>\n<p>&nbsp;<\/p>\n<p><strong>por Fernando Vin\u00edcius \u2013 Jornalista Decom PMP<\/strong><\/p>\n<p>&nbsp;<\/p>\n","protected":false},"excerpt":{"rendered":"<p>O boletim epidemiol\u00f3gico da Secretaria Municipal de Sa\u00fade (SEMS) desta ter\u00e7a-feira, 28, mostra que Penedo ultrapassou a marca de 800 casos confirmados de Covid-19. Os dados atualizados da pandemia do novo coronav\u00edrus no munic\u00edpio registram que 812 pessoas j\u00e1 testaram positivo para a doen\u00e7a respons\u00e1vel por dez \u00f3bitos em Penedo. O boletim da SEMS Penedo &hellip;<\/p>\n","protected":false},"author":1,"featured_media":8313,"comment_status":"open","ping_status":"open","sticky":false,"template":"","format":"standard","meta":{"_jetpack_newsletter_access":"","_jetpack_dont_email_post_to_subs":false,"_jetpack_newsletter_tier_id":0,"_jetpack_memberships_contains_paywalled_content":false,"_jetpack_memberships_contains_paid_content":false,"footnotes":""},"categories":[1],"tags":[],"class_list":["post-8312","post","type-post","status-publish","format-standard","has-post-thumbnail","hentry","category-destaque"],"jetpack_sharing_enabled":true,"jetpack_featured_media_url":"","_links":{"self":[{"href":"https:\/\/www.oparanews.com.br\/index.php\/wp-json\/wp\/v2\/posts\/8312","targetHints":{"allow":["GET"]}}],"collection":[{"href":"https:\/\/www.oparanews.com.br\/index.php\/wp-json\/wp\/v2\/posts"}],"about":[{"href":"https:\/\/www.oparanews.com.br\/index.php\/wp-json\/wp\/v2\/types\/post"}],"author":[{"embeddable":true,"href":"https:\/\/www.oparanews.com.br\/index.php\/wp-json\/wp\/v2\/users\/1"}],"replies":[{"embeddable":true,"href":"https:\/\/www.oparanews.com.br\/index.php\/wp-json\/wp\/v2\/comments?post=8312"}],"version-history":[{"count":0,"href":"https:\/\/www.oparanews.com.br\/index.php\/wp-json\/wp\/v2\/posts\/8312\/revisions"}],"wp:attachment":[{"href":"https:\/\/www.oparanews.com.br\/index.php\/wp-json\/wp\/v2\/media?parent=8312"}],"wp:term":[{"taxonomy":"category","embeddable":true,"href":"https:\/\/www.oparanews.com.br\/index.php\/wp-json\/wp\/v2\/categories?post=8312"},{"taxonomy":"post_tag","embeddable":true,"href":"https:\/\/www.oparanews.com.br\/index.php\/wp-json\/wp\/v2\/tags?post=8312"}],"curies":[{"name":"wp","href":"https:\/\/api.w.org\/{rel}","templated":true}]}}