{"id":8318,"date":"2020-07-29T02:37:01","date_gmt":"2020-07-29T02:37:01","guid":{"rendered":"https:\/\/oparanews.com.br\/?p=8318"},"modified":"2020-07-29T02:37:01","modified_gmt":"2020-07-29T02:37:01","slug":"ifal-oferece-180-vagas-para-curso-de-docencia-na-educacao-profissional","status":"publish","type":"post","link":"https:\/\/www.oparanews.com.br\/index.php\/2020\/07\/29\/ifal-oferece-180-vagas-para-curso-de-docencia-na-educacao-profissional\/","title":{"rendered":"Ifal oferece 180 vagas para curso de Doc\u00eancia na Educa\u00e7\u00e3o Profissional"},"content":{"rendered":"<p>O Instituto Federal de Alagoas (Ifal) est\u00e1 ofertando 180 vagas no curso de especializa\u00e7\u00e3o em Doc\u00eancia na Educa\u00e7\u00e3o Profissional para estudantes regulares, na modalidade de ensino a dist\u00e2ncia (EAD). As inscri\u00e7\u00f5es s\u00e3o gratuitas e devem ser feitas at\u00e9 dia 16 de agosto. Clique aqui para acessar o link da inscri\u00e7\u00e3o.<\/p>\n<p>As vagas ofertadas ser\u00e3o distribu\u00eddas nos Polos Arapiraca, Macei\u00f3, Maragogi, Penedo, Piranhas e S\u00e3o Jos\u00e9 da Laje, sendo 30 em cada. Confira o edital.<\/p>\n<p>Segundo o Ifal, podem participar os portadores de diploma de gradua\u00e7\u00e3o em qualquer \u00e1rea do conhecimento que n\u00e3o possuam licenciatura ou curso equivalente. Para a sele\u00e7\u00e3o ser\u00e1 analisado a documenta\u00e7\u00e3o dos inscritos e crit\u00e9rios de classifica\u00e7\u00e3o, como o tempo de experi\u00eancia profissional docente e a carta de inten\u00e7\u00e3o. O resultado final ser\u00e1 divulgado em 3 de setembro.<\/p>\n<p>Os estudantes selecionados t\u00eam o per\u00edodo entre 4 a 8 de setembro para realizar a matr\u00edcula, j\u00e1 o in\u00edcio das atividades est\u00e1 agendado para o dia 15 de setembro.<\/p>\n<p>Com dura\u00e7\u00e3o de 12 meses e carga hor\u00e1ria total de 620 horas, o curso ser\u00e1 ofertado no \u00e2mbito do Sistema Universidade Aberta do Brasil (UAB) do Ifal. As aulas e avalia\u00e7\u00f5es presenciais ocorrer\u00e3o em dias de s\u00e1bado, de 8h \u00e0s 17h, no Polo para o qual o candidato se matriculou, segundo cronograma a ser divulgado posteriormente.<\/p>\n<p>&nbsp;<\/p>\n<p><strong>Fonte: G1\/AL<\/strong><\/p>\n<p>&nbsp;<\/p>\n","protected":false},"excerpt":{"rendered":"<p>O Instituto Federal de Alagoas (Ifal) est\u00e1 ofertando 180 vagas no curso de especializa\u00e7\u00e3o em Doc\u00eancia na Educa\u00e7\u00e3o Profissional para estudantes regulares, na modalidade de ensino a dist\u00e2ncia (EAD). As inscri\u00e7\u00f5es s\u00e3o gratuitas e devem ser feitas at\u00e9 dia 16 de agosto. Clique aqui para acessar o link da inscri\u00e7\u00e3o. As vagas ofertadas ser\u00e3o distribu\u00eddas &hellip;<\/p>\n","protected":false},"author":1,"featured_media":8319,"comment_status":"open","ping_status":"open","sticky":false,"template":"","format":"standard","meta":{"_jetpack_newsletter_access":"","_jetpack_dont_email_post_to_subs":false,"_jetpack_newsletter_tier_id":0,"_jetpack_memberships_contains_paywalled_content":false,"_jetpack_memberships_contains_paid_content":false,"footnotes":""},"categories":[1],"tags":[],"class_list":["post-8318","post","type-post","status-publish","format-standard","has-post-thumbnail","hentry","category-destaque"],"jetpack_sharing_enabled":true,"jetpack_featured_media_url":"","_links":{"self":[{"href":"https:\/\/www.oparanews.com.br\/index.php\/wp-json\/wp\/v2\/posts\/8318","targetHints":{"allow":["GET"]}}],"collection":[{"href":"https:\/\/www.oparanews.com.br\/index.php\/wp-json\/wp\/v2\/posts"}],"about":[{"href":"https:\/\/www.oparanews.com.br\/index.php\/wp-json\/wp\/v2\/types\/post"}],"author":[{"embeddable":true,"href":"https:\/\/www.oparanews.com.br\/index.php\/wp-json\/wp\/v2\/users\/1"}],"replies":[{"embeddable":true,"href":"https:\/\/www.oparanews.com.br\/index.php\/wp-json\/wp\/v2\/comments?post=8318"}],"version-history":[{"count":0,"href":"https:\/\/www.oparanews.com.br\/index.php\/wp-json\/wp\/v2\/posts\/8318\/revisions"}],"wp:attachment":[{"href":"https:\/\/www.oparanews.com.br\/index.php\/wp-json\/wp\/v2\/media?parent=8318"}],"wp:term":[{"taxonomy":"category","embeddable":true,"href":"https:\/\/www.oparanews.com.br\/index.php\/wp-json\/wp\/v2\/categories?post=8318"},{"taxonomy":"post_tag","embeddable":true,"href":"https:\/\/www.oparanews.com.br\/index.php\/wp-json\/wp\/v2\/tags?post=8318"}],"curies":[{"name":"wp","href":"https:\/\/api.w.org\/{rel}","templated":true}]}}