{"id":8327,"date":"2020-07-29T03:42:15","date_gmt":"2020-07-29T03:42:15","guid":{"rendered":"https:\/\/oparanews.com.br\/?p=8327"},"modified":"2020-07-29T03:42:15","modified_gmt":"2020-07-29T03:42:15","slug":"escolas-estaduais-de-manaus-terao-aulas-presenciais-em-10-de-agosto","status":"publish","type":"post","link":"https:\/\/www.oparanews.com.br\/index.php\/2020\/07\/29\/escolas-estaduais-de-manaus-terao-aulas-presenciais-em-10-de-agosto\/","title":{"rendered":"Escolas estaduais de Manaus ter\u00e3o aulas presenciais em 10 de agosto"},"content":{"rendered":"<p>O governador do Amazonas, Wilson Lima (PSC), anunciou hoje que 10 de agosto \u00e9 a data definida para o retorno das aulas presenciais na rede p\u00fablica estadual de ensino em Manaus. Ainda n\u00e3o h\u00e1 previs\u00e3o para retorno das aulas no interior do estado. De acordo com o governo, a volta \u00e0s salas de aula ser\u00e1 de maneira gradativa e escalonada em 123 escolas da capital, totalizando cerca de 110 mil alunos. Os primeiros a retornarem, no dia 10 de agosto, s\u00e3o os estudantes do Ensino M\u00e9dio regular e da modalidade de Educa\u00e7\u00e3o de Jovens e Adultos (EJA). No dia 24 de agosto, retornam os alunos do Ensino Fundamental (anos iniciais e finais).<\/p>\n<p>&#8220;As salas ter\u00e3o ocupa\u00e7\u00e3o de 50%, havendo distanciamento entre essas carteiras, e os alunos n\u00e3o vir\u00e3o todos os dias. Vai ser uma volta h\u00edbrida, aproveitando o servi\u00e7o que a gente j\u00e1 fez do programa &#8216;Aula em Casa&#8217;, atrav\u00e9s da nossa TV Encontro da \u00c1guas&#8221;, disse o governador. De acordo com Lima, todos os estudantes ser\u00e3o acompanhados pelas equipes de sa\u00fade em caso de suspeita da covid-19, e os professores passar\u00e3o por forma\u00e7\u00f5es diferenciadas.<\/p>\n<p>Segundo o secret\u00e1rio de Educa\u00e7\u00e3o, Luis Fabian Barbosa, todas as turmas ser\u00e3o divididas em blocos A e B, frequentando as escolas de maneira intercalada. \u00c0s segundas e quartas-feiras, o bloco A assiste \u00e0s aulas presenciais e, \u00e0s ter\u00e7as e quintas-feiras, ser\u00e1 a vez do bloco B. As sextas-feiras ser\u00e3o destinadas aos professores para planejamento de conte\u00fado. Nos dias em que os estudantes estiverem em casa, eles dever\u00e3o acompanhar os conte\u00fados por meio do projeto &#8220;Aula em Casa&#8221;, que ter\u00e1 programa\u00e7\u00e3o adaptada.<\/p>\n<p>Os conte\u00fados podem ser acompanhados pelos canais da TV Encontro das \u00c1guas (2.1, 2.2, 2.3 e 2.4) e pela Internet, por meio do YouTube, Ambiente Virtual de Aprendizagem (AVA), plataforma Saber+ e aplicativo Aula em Casa. O &#8220;Aula em Casa&#8221; ter\u00e1 carga hor\u00e1ria ampliada para que sejam completadas, at\u00e9 o fim de dezembro, as 800 horas do ano letivo de 2020.<\/p>\n<p>O governo do Amazonas ainda declarou que est\u00e1 investindo mais de R$ 10 milh\u00f5es na aquisi\u00e7\u00e3o de materiais e insumos para a preven\u00e7\u00e3o e combate ao coronav\u00edrus, com 1 milh\u00e3o de m\u00e1scaras de pano, EPIs, \u00e1lcool em gel 70% e tapetes sanitizantes, dentre outros itens. A instala\u00e7\u00e3o de pias e ajustes das instala\u00e7\u00f5es hidr\u00e1ulicas tamb\u00e9m est\u00e3o sendo feitas nas escolas da rede estadual.<\/p>\n<p>&nbsp;<\/p>\n<p><strong>Fonte: UOL<\/strong><\/p>\n<p>&nbsp;<\/p>\n","protected":false},"excerpt":{"rendered":"<p>O governador do Amazonas, Wilson Lima (PSC), anunciou hoje que 10 de agosto \u00e9 a data definida para o retorno das aulas presenciais na rede p\u00fablica estadual de ensino em Manaus. Ainda n\u00e3o h\u00e1 previs\u00e3o para retorno das aulas no interior do estado. De acordo com o governo, a volta \u00e0s salas de aula ser\u00e1 &hellip;<\/p>\n","protected":false},"author":1,"featured_media":8328,"comment_status":"open","ping_status":"open","sticky":false,"template":"","format":"standard","meta":{"_jetpack_newsletter_access":"","_jetpack_dont_email_post_to_subs":false,"_jetpack_newsletter_tier_id":0,"_jetpack_memberships_contains_paywalled_content":false,"_jetpack_memberships_contains_paid_content":false,"footnotes":""},"categories":[1],"tags":[],"class_list":["post-8327","post","type-post","status-publish","format-standard","has-post-thumbnail","hentry","category-destaque"],"jetpack_sharing_enabled":true,"jetpack_featured_media_url":"","_links":{"self":[{"href":"https:\/\/www.oparanews.com.br\/index.php\/wp-json\/wp\/v2\/posts\/8327","targetHints":{"allow":["GET"]}}],"collection":[{"href":"https:\/\/www.oparanews.com.br\/index.php\/wp-json\/wp\/v2\/posts"}],"about":[{"href":"https:\/\/www.oparanews.com.br\/index.php\/wp-json\/wp\/v2\/types\/post"}],"author":[{"embeddable":true,"href":"https:\/\/www.oparanews.com.br\/index.php\/wp-json\/wp\/v2\/users\/1"}],"replies":[{"embeddable":true,"href":"https:\/\/www.oparanews.com.br\/index.php\/wp-json\/wp\/v2\/comments?post=8327"}],"version-history":[{"count":0,"href":"https:\/\/www.oparanews.com.br\/index.php\/wp-json\/wp\/v2\/posts\/8327\/revisions"}],"wp:attachment":[{"href":"https:\/\/www.oparanews.com.br\/index.php\/wp-json\/wp\/v2\/media?parent=8327"}],"wp:term":[{"taxonomy":"category","embeddable":true,"href":"https:\/\/www.oparanews.com.br\/index.php\/wp-json\/wp\/v2\/categories?post=8327"},{"taxonomy":"post_tag","embeddable":true,"href":"https:\/\/www.oparanews.com.br\/index.php\/wp-json\/wp\/v2\/tags?post=8327"}],"curies":[{"name":"wp","href":"https:\/\/api.w.org\/{rel}","templated":true}]}}