{"id":8333,"date":"2020-07-29T03:46:58","date_gmt":"2020-07-29T03:46:58","guid":{"rendered":"https:\/\/oparanews.com.br\/?p=8333"},"modified":"2020-07-29T03:46:58","modified_gmt":"2020-07-29T03:46:58","slug":"ceara-bate-fortaleza-e-se-garante-na-final-da-copa-do-nordeste","status":"publish","type":"post","link":"https:\/\/www.oparanews.com.br\/index.php\/2020\/07\/29\/ceara-bate-fortaleza-e-se-garante-na-final-da-copa-do-nordeste\/","title":{"rendered":"Cear\u00e1 bate Fortaleza e se garante na final da Copa do Nordeste"},"content":{"rendered":"<p>No duelo entre o Fortaleza de Rog\u00e9rio Ceni e o Cear\u00e1 de Guto Ferreira, deu Vov\u00f4! No terceiro Cl\u00e1ssico-Rei de 2020, o Vov\u00f4 venceu por 1 a 0, na noite desta ter\u00e7a-feira (28), no Pitua\u00e7u, e avan\u00e7ou para a final da Copa do Nordeste. O gol da vit\u00f3ria foi marcado pelo zagueiro Klaus, que entrou no lugar de Luiz Ot\u00e1vio, que cumpriu suspens\u00e3o. O Cear\u00e1 tentar\u00e1 repetir o que fez em 2015, quando venceu o Nordest\u00e3o de forma invicta.<\/p>\n<p>PRIMEIRO TEMPO<\/p>\n<p>O Fortaleza veio com Marlon e Mariano V\u00e1zquez como novidades nas vagas de Romarinho e Wellington Paulista. No Cear\u00e1, Guto optou por Klaus no lugar de Luiz Ot\u00e1vio, suspenso. Fabinho no lugar de Ricardinho, e Cl\u00e9ber na vaga de Sobis. A verdade \u00e9 que os primeiros minutos do jogo foram de poucas emo\u00e7\u00f5es, em uma partida truncada e sem oportunidades. Mas, em uma bola parada, Vina encontrou o zagueiro Klaus, que marcou o terceiro gol dele na Copa do Nordeste de 2020, o quarto na temporada. Ap\u00e1tico, o Fortaleza n\u00e3o teve poder de rea\u00e7\u00e3o no primeiro tempo, sem construir lance de perigo ao Cear\u00e1.<\/p>\n<p>SEGUNDO TEMPO<\/p>\n<p>S\u00f3 o Fortaleza voltou com substitui\u00e7\u00e3o, com sa\u00edda de V\u00e1zquez para vir Romarinho. Mas a mudan\u00e7a n\u00e3o impactou na postura do Le\u00e3o. O Cear\u00e1, por outro lado, teve duas boas oportunidades, com Fabinho e Cl\u00e9ber. O Fortaleza precisou de 67 minutos de jogo para levar perigo, com Bruno Melo. Guto e Ceni fizeram mais altera\u00e7\u00f5es. Yuri C\u00e9sar tentou, aos 35, e raspou a trave. Mas a marca\u00e7\u00e3o do Alvinegro evitou perigos para o gol de Prass.<\/p>\n<p>Foi o quarto gol de Klaus, o terceiro na competi\u00e7\u00e3o. O zagueiro marcou ap\u00f3s cruzamento de Vina na \u00e1rea, em cabeceio.<\/p>\n<p>CL\u00c1SSICO-REI HIST\u00d3RICO<\/p>\n<p>O duelo entre Cear\u00e1 e Fortaleza marcou o primeiro confronto entre as duas equipes fora do Estado do Cear\u00e1. Por causa da pandemia de Covid-19, toda a reta final da Copa do Nordeste est\u00e1 sendo realizada em Salvador. Al\u00e9m disso, o Vov\u00f4 manteve um tabu de 19 anos sem perder do maior rival pelo Nordest\u00e3o.<\/p>\n<p>ADVERS\u00c1RIO NA FINAL<\/p>\n<p>O Cear\u00e1 est\u00e1 garantido nas finais do Nordest\u00e3o, e o advers\u00e1rio sai do confronto entre Bahia e Confian\u00e7a nesta quarta-feira (29). As decis\u00f5es est\u00e3o marcadas para o s\u00e1bado (1\u00ba) e a ter\u00e7a-feira (4). O Fortaleza, por sua vez, aguarda o in\u00edcio da S\u00e9rie A do Brasileir\u00e3o contra o Athletico-PR em 8 de agosto.<\/p>\n<p>&nbsp;<\/p>\n<p><strong>Fonte: Globoesporte<\/strong><\/p>\n<p>&nbsp;<\/p>\n","protected":false},"excerpt":{"rendered":"<p>No duelo entre o Fortaleza de Rog\u00e9rio Ceni e o Cear\u00e1 de Guto Ferreira, deu Vov\u00f4! No terceiro Cl\u00e1ssico-Rei de 2020, o Vov\u00f4 venceu por 1 a 0, na noite desta ter\u00e7a-feira (28), no Pitua\u00e7u, e avan\u00e7ou para a final da Copa do Nordeste. O gol da vit\u00f3ria foi marcado pelo zagueiro Klaus, que entrou &hellip;<\/p>\n","protected":false},"author":1,"featured_media":8334,"comment_status":"open","ping_status":"open","sticky":false,"template":"","format":"standard","meta":{"_jetpack_newsletter_access":"","_jetpack_dont_email_post_to_subs":false,"_jetpack_newsletter_tier_id":0,"_jetpack_memberships_contains_paywalled_content":false,"_jetpack_memberships_contains_paid_content":false,"footnotes":""},"categories":[1],"tags":[],"class_list":["post-8333","post","type-post","status-publish","format-standard","has-post-thumbnail","hentry","category-destaque"],"jetpack_sharing_enabled":true,"jetpack_featured_media_url":"","_links":{"self":[{"href":"https:\/\/www.oparanews.com.br\/index.php\/wp-json\/wp\/v2\/posts\/8333","targetHints":{"allow":["GET"]}}],"collection":[{"href":"https:\/\/www.oparanews.com.br\/index.php\/wp-json\/wp\/v2\/posts"}],"about":[{"href":"https:\/\/www.oparanews.com.br\/index.php\/wp-json\/wp\/v2\/types\/post"}],"author":[{"embeddable":true,"href":"https:\/\/www.oparanews.com.br\/index.php\/wp-json\/wp\/v2\/users\/1"}],"replies":[{"embeddable":true,"href":"https:\/\/www.oparanews.com.br\/index.php\/wp-json\/wp\/v2\/comments?post=8333"}],"version-history":[{"count":0,"href":"https:\/\/www.oparanews.com.br\/index.php\/wp-json\/wp\/v2\/posts\/8333\/revisions"}],"wp:attachment":[{"href":"https:\/\/www.oparanews.com.br\/index.php\/wp-json\/wp\/v2\/media?parent=8333"}],"wp:term":[{"taxonomy":"category","embeddable":true,"href":"https:\/\/www.oparanews.com.br\/index.php\/wp-json\/wp\/v2\/categories?post=8333"},{"taxonomy":"post_tag","embeddable":true,"href":"https:\/\/www.oparanews.com.br\/index.php\/wp-json\/wp\/v2\/tags?post=8333"}],"curies":[{"name":"wp","href":"https:\/\/api.w.org\/{rel}","templated":true}]}}