{"id":8339,"date":"2020-07-29T13:37:24","date_gmt":"2020-07-29T13:37:24","guid":{"rendered":"https:\/\/oparanews.com.br\/?p=8339"},"modified":"2020-07-29T13:37:24","modified_gmt":"2020-07-29T13:37:24","slug":"pros-acelera-acoes-para-fechar-grupo-de-23-pre-candidatos-em-penedo","status":"publish","type":"post","link":"https:\/\/www.oparanews.com.br\/index.php\/2020\/07\/29\/pros-acelera-acoes-para-fechar-grupo-de-23-pre-candidatos-em-penedo\/","title":{"rendered":"PROS acelera a\u00e7\u00f5es para fechar grupo de 23 pr\u00e9-candidatos em Penedo"},"content":{"rendered":"<p>Nesta ter\u00e7a-feira (28), o Partido Republicano da Ordem Social (PROS) em Alagoas come\u00e7ou com reuni\u00f5es com grupos pequenos de pre-candidatos em Penedo. O encontro foi liderado pelos l\u00edderes da sigla na cidade, Cidoca Andrade, Nilson Ernesto e Alberto Pesado.<\/p>\n<p>Os pr\u00e9-candidatos a vereadores por Penedo, Gil da Cacimbinhas, Rodrigo Sampaio, Ivanildo Paulista e Erisvaldo Gon\u00e7alves foram os primeiros a receberem instru\u00e7\u00f5es sobre o per\u00edodo de elei\u00e7\u00f5es previsto para novembro.<\/p>\n<p>Nesta quarta-feira (29), a s\u00e9rie de baterias segue com outros quatro pr\u00e9-candidatos. A ideia do partido \u00e9 confirmar os 23 nomes e apresent\u00e1-los \u00e0 popula\u00e7\u00e3o ao fim desse m\u00eas de agosto.<\/p>\n<p>O PROS segue cada vez mais forte em Penedo e pode fazer tr\u00eas vereadores na C\u00e2mara Municipal.<\/p>\n<p>&nbsp;<\/p>\n<p><strong>Fonte: Assessoria<\/strong><\/p>\n<p>&nbsp;<\/p>\n","protected":false},"excerpt":{"rendered":"<p>Nesta ter\u00e7a-feira (28), o Partido Republicano da Ordem Social (PROS) em Alagoas come\u00e7ou com reuni\u00f5es com grupos pequenos de pre-candidatos em Penedo. O encontro foi liderado pelos l\u00edderes da sigla na cidade, Cidoca Andrade, Nilson Ernesto e Alberto Pesado. Os pr\u00e9-candidatos a vereadores por Penedo, Gil da Cacimbinhas, Rodrigo Sampaio, Ivanildo Paulista e Erisvaldo Gon\u00e7alves &hellip;<\/p>\n","protected":false},"author":1,"featured_media":8340,"comment_status":"open","ping_status":"open","sticky":false,"template":"","format":"standard","meta":{"_jetpack_newsletter_access":"","_jetpack_dont_email_post_to_subs":false,"_jetpack_newsletter_tier_id":0,"_jetpack_memberships_contains_paywalled_content":false,"_jetpack_memberships_contains_paid_content":false,"footnotes":""},"categories":[1],"tags":[],"class_list":["post-8339","post","type-post","status-publish","format-standard","has-post-thumbnail","hentry","category-destaque"],"jetpack_sharing_enabled":true,"jetpack_featured_media_url":"","_links":{"self":[{"href":"https:\/\/www.oparanews.com.br\/index.php\/wp-json\/wp\/v2\/posts\/8339","targetHints":{"allow":["GET"]}}],"collection":[{"href":"https:\/\/www.oparanews.com.br\/index.php\/wp-json\/wp\/v2\/posts"}],"about":[{"href":"https:\/\/www.oparanews.com.br\/index.php\/wp-json\/wp\/v2\/types\/post"}],"author":[{"embeddable":true,"href":"https:\/\/www.oparanews.com.br\/index.php\/wp-json\/wp\/v2\/users\/1"}],"replies":[{"embeddable":true,"href":"https:\/\/www.oparanews.com.br\/index.php\/wp-json\/wp\/v2\/comments?post=8339"}],"version-history":[{"count":0,"href":"https:\/\/www.oparanews.com.br\/index.php\/wp-json\/wp\/v2\/posts\/8339\/revisions"}],"wp:attachment":[{"href":"https:\/\/www.oparanews.com.br\/index.php\/wp-json\/wp\/v2\/media?parent=8339"}],"wp:term":[{"taxonomy":"category","embeddable":true,"href":"https:\/\/www.oparanews.com.br\/index.php\/wp-json\/wp\/v2\/categories?post=8339"},{"taxonomy":"post_tag","embeddable":true,"href":"https:\/\/www.oparanews.com.br\/index.php\/wp-json\/wp\/v2\/tags?post=8339"}],"curies":[{"name":"wp","href":"https:\/\/api.w.org\/{rel}","templated":true}]}}