{"id":8345,"date":"2020-07-30T00:21:44","date_gmt":"2020-07-30T00:21:44","guid":{"rendered":"https:\/\/oparanews.com.br\/?p=8345"},"modified":"2020-07-30T00:21:44","modified_gmt":"2020-07-30T00:21:44","slug":"boletim-epidemiologico-aponta-769-pessoas-curadas-de-covid-19-em-penedo","status":"publish","type":"post","link":"https:\/\/www.oparanews.com.br\/index.php\/2020\/07\/30\/boletim-epidemiologico-aponta-769-pessoas-curadas-de-covid-19-em-penedo\/","title":{"rendered":"Boletim epidemiol\u00f3gico aponta 769 pessoas curadas de Covid-19 em Penedo"},"content":{"rendered":"<p>A Prefeitura de Penedo por meio da Secretaria Municipal de Sa\u00fade (SEMS) divulgou um novo boletim epidemiol\u00f3gico nesta quarta-feira (29), mostrando que 769 pessoas j\u00e1 se curaram de Covid-19 em Penedo.<\/p>\n<p>Al\u00e9m disso, os dados recentes mostram que 126 pessoas est\u00e3o sendo monitoradas em Penedo, 3 casos s\u00e3o considerados suspeitos, pois aguardam conforma\u00e7\u00e3o de exame PCR, 893 casos foram descartados e 837 pessoas foram contaminadas pelo Coronav\u00edrus ao total.<\/p>\n<p>Os n\u00fameros tamb\u00e9m informam que 10 pessoas faleceram vitima de Covid-19 em Penedo.<\/p>\n<p>A Prefeitura de Penedo orienta a popula\u00e7\u00e3o a procurar a Unidade de Refer\u00eancia em S\u00edndromes Gripais ao aparecerem os primeiros sintomas da doen\u00e7a.<\/p>\n<p>Localidades<\/p>\n<p>De acordo com os dados informados pela SEMS Penedo, os casos de contamina\u00e7\u00e3o de Covid-19 em Penedo seguem a seguinte rela\u00e7\u00e3o:<\/p>\n<p>Bairros da zona urbana<\/p>\n<p>242 \u2013 Bairro Dom Constantino<br \/>\n164 \u2013 Bairro Santa Luzia<br \/>\n117 \u2013 Bairro Centro da Cidade<br \/>\n90 \u2013 Bairro Raimundo Marinho<br \/>\n61 \u2013 Bairro Senhor do Bonfim<br \/>\n53 \u2013 Bairro Santo Ant\u00f4nio<br \/>\n20 \u2013 Bairro Santa Izabel<br \/>\n03 \u2013 Bairro Santa Cec\u00edlia<\/p>\n<p>Povoados da zona Rural<\/p>\n<p>16 \u2013 Cooperativa<br \/>\n07 \u2013 Povoado Capela<br \/>\n07 \u2013 Povoado Santa Margarida<br \/>\n33 \u2013 Povoado Tabuleiro dos Negros<br \/>\n24 \u2013 Povoado Palmeira Alta<\/p>\n<p>&nbsp;<\/p>\n<p><strong>por Thiago Sobral &#8211; Decom (PMP)<\/strong><\/p>\n<p>&nbsp;<\/p>\n","protected":false},"excerpt":{"rendered":"<p>A Prefeitura de Penedo por meio da Secretaria Municipal de Sa\u00fade (SEMS) divulgou um novo boletim epidemiol\u00f3gico nesta quarta-feira (29), mostrando que 769 pessoas j\u00e1 se curaram de Covid-19 em Penedo. Al\u00e9m disso, os dados recentes mostram que 126 pessoas est\u00e3o sendo monitoradas em Penedo, 3 casos s\u00e3o considerados suspeitos, pois aguardam conforma\u00e7\u00e3o de exame &hellip;<\/p>\n","protected":false},"author":1,"featured_media":8346,"comment_status":"open","ping_status":"open","sticky":false,"template":"","format":"standard","meta":{"_jetpack_newsletter_access":"","_jetpack_dont_email_post_to_subs":false,"_jetpack_newsletter_tier_id":0,"_jetpack_memberships_contains_paywalled_content":false,"_jetpack_memberships_contains_paid_content":false,"footnotes":""},"categories":[1],"tags":[],"class_list":["post-8345","post","type-post","status-publish","format-standard","has-post-thumbnail","hentry","category-destaque"],"jetpack_sharing_enabled":true,"jetpack_featured_media_url":"","_links":{"self":[{"href":"https:\/\/www.oparanews.com.br\/index.php\/wp-json\/wp\/v2\/posts\/8345","targetHints":{"allow":["GET"]}}],"collection":[{"href":"https:\/\/www.oparanews.com.br\/index.php\/wp-json\/wp\/v2\/posts"}],"about":[{"href":"https:\/\/www.oparanews.com.br\/index.php\/wp-json\/wp\/v2\/types\/post"}],"author":[{"embeddable":true,"href":"https:\/\/www.oparanews.com.br\/index.php\/wp-json\/wp\/v2\/users\/1"}],"replies":[{"embeddable":true,"href":"https:\/\/www.oparanews.com.br\/index.php\/wp-json\/wp\/v2\/comments?post=8345"}],"version-history":[{"count":0,"href":"https:\/\/www.oparanews.com.br\/index.php\/wp-json\/wp\/v2\/posts\/8345\/revisions"}],"wp:attachment":[{"href":"https:\/\/www.oparanews.com.br\/index.php\/wp-json\/wp\/v2\/media?parent=8345"}],"wp:term":[{"taxonomy":"category","embeddable":true,"href":"https:\/\/www.oparanews.com.br\/index.php\/wp-json\/wp\/v2\/categories?post=8345"},{"taxonomy":"post_tag","embeddable":true,"href":"https:\/\/www.oparanews.com.br\/index.php\/wp-json\/wp\/v2\/tags?post=8345"}],"curies":[{"name":"wp","href":"https:\/\/api.w.org\/{rel}","templated":true}]}}