{"id":8348,"date":"2020-07-30T00:23:28","date_gmt":"2020-07-30T00:23:28","guid":{"rendered":"https:\/\/oparanews.com.br\/?p=8348"},"modified":"2020-07-30T00:23:28","modified_gmt":"2020-07-30T00:23:28","slug":"alagoas-registra-13-mortes-por-covid-19-pelo-segundo-dia-consecutivo","status":"publish","type":"post","link":"https:\/\/www.oparanews.com.br\/index.php\/2020\/07\/30\/alagoas-registra-13-mortes-por-covid-19-pelo-segundo-dia-consecutivo\/","title":{"rendered":"Alagoas registra 13 mortes por Covid-19 pelo segundo dia consecutivo"},"content":{"rendered":"<p>Alagoas registrou 13 mortes por Covid-19 pelo segundo dia consecutivo, o que fez o n\u00famero de \u00f3bitos subir para 1.540. Nas \u00faltimas 24 horas, mais 982 novos casos foram registrados, elevando o total para 58.124 casos confirmados. Os dados s\u00e3o do boletim epidemiol\u00f3gico da Secretaria de Estado da Sa\u00fade (Sesau) desta quarta-feira (29).<\/p>\n<p>Os dados mostram que h\u00e1 828 casos aguardando confirma\u00e7\u00e3o para o novo coronav\u00edrus por exames laboratoriais e que 50.355 pessoas que foram infectadas est\u00e3o recuperadas.<\/p>\n<p>Os casos confirmados est\u00e3o distribu\u00eddos pelos 102 munic\u00edpios de Alagoas. Boca da Mata \u00e9 a cidade com mais casos por 100 mil habitantes.<\/p>\n<p>Ocupa\u00e7\u00e3o de leitos<\/p>\n<p>A ocupa\u00e7\u00e3o de leitos exclusivos para Covid-19 era de 34% at\u00e9 as 17h desta ter\u00e7a. Dos leitos de UTI, 57% estavam ocupados.<\/p>\n<p>Ocupa\u00e7\u00e3o de leitos de UTI em Macei\u00f3 &#8211; 55%<br \/>\nOcupa\u00e7\u00e3o de leitos de UTI no interior &#8211; 59%<\/p>\n<p>O munic\u00edpio de Santana de Ipanema registrou 100% dos leitos de UTI para Covid-19 ocupados. S\u00e3o Miguel dos Campos estava com 80% de ocupa\u00e7\u00e3o de UTI e Arapiraca e Girau do Ponciano, com 70% cada. Palmeira dos \u00cdndios estava com 67%, Penedo com 43% e Coruripe com 25% de ocupa\u00e7\u00e3o de UTI exclusiva para Covid-19.<\/p>\n<p>13 mortes<\/p>\n<p>Dos 13 \u00f3bitos, seis v\u00edtimas moravam em Macei\u00f3 e sete, no interior. Uma beb\u00ea de um ano que morava em Arapiraca e n\u00e3o tinha comorbidades morreu de Covid-19 no Hospital da Mulher, em Macei\u00f3. Um idoso de 95 anos morreu em casa no munic\u00edpio de Macei\u00f3. Ele tamb\u00e9m n\u00e3o tinha comorbidades.<\/p>\n<p>Macei\u00f3: Homem, 83 anos \u2013 sem comorbidades<br \/>\nMacei\u00f3: Homem, 53 anos \u2013 sem comorbidades<br \/>\nMacei\u00f3: Homem, 95 anos \u2013 sem comorbidades &#8211; morreu em casa<br \/>\nMacei\u00f3: Mulher, 92 anos \u2013 c\u00e2ncer na bexiga e hipertensa<br \/>\nMacei\u00f3: Mulher, 60 anos \u2013 sem comorbidades<br \/>\nMacei\u00f3: Mulher, 48 anos \u2013 sem comorbidades<br \/>\nJequi\u00e1 da Praia: Mulher, 72 anos \u2013 sem comorbidades<br \/>\nS\u00e3o Jos\u00e9 da Laje: Mulher, 64 anos \u2013 hipertensa<br \/>\nArapiraca: Mulher, 80 anos \u2013 sem comorbidades<br \/>\nArapiraca: menina, 1 ano &#8211; sem comorbidades<br \/>\nArapiraca: Homem, 88 anos \u2013hipertenso<br \/>\nJoaquim Gomes: Homem, 63 anos \u2013 diabetes e doen\u00e7a respirat\u00f3ria<br \/>\nS\u00e3o Jos\u00e9 da Tapera: Homem, 58 anos \u2013 sem comorbidades<\/p>\n<p>&nbsp;<\/p>\n<p><strong>Fonte: G1\/AL<\/strong><\/p>\n<p>&nbsp;<\/p>\n","protected":false},"excerpt":{"rendered":"<p>Alagoas registrou 13 mortes por Covid-19 pelo segundo dia consecutivo, o que fez o n\u00famero de \u00f3bitos subir para 1.540. Nas \u00faltimas 24 horas, mais 982 novos casos foram registrados, elevando o total para 58.124 casos confirmados. Os dados s\u00e3o do boletim epidemiol\u00f3gico da Secretaria de Estado da Sa\u00fade (Sesau) desta quarta-feira (29). Os dados &hellip;<\/p>\n","protected":false},"author":1,"featured_media":7310,"comment_status":"open","ping_status":"open","sticky":false,"template":"","format":"standard","meta":{"_jetpack_newsletter_access":"","_jetpack_dont_email_post_to_subs":false,"_jetpack_newsletter_tier_id":0,"_jetpack_memberships_contains_paywalled_content":false,"_jetpack_memberships_contains_paid_content":false,"footnotes":""},"categories":[1],"tags":[],"class_list":["post-8348","post","type-post","status-publish","format-standard","has-post-thumbnail","hentry","category-destaque"],"jetpack_sharing_enabled":true,"jetpack_featured_media_url":"","_links":{"self":[{"href":"https:\/\/www.oparanews.com.br\/index.php\/wp-json\/wp\/v2\/posts\/8348","targetHints":{"allow":["GET"]}}],"collection":[{"href":"https:\/\/www.oparanews.com.br\/index.php\/wp-json\/wp\/v2\/posts"}],"about":[{"href":"https:\/\/www.oparanews.com.br\/index.php\/wp-json\/wp\/v2\/types\/post"}],"author":[{"embeddable":true,"href":"https:\/\/www.oparanews.com.br\/index.php\/wp-json\/wp\/v2\/users\/1"}],"replies":[{"embeddable":true,"href":"https:\/\/www.oparanews.com.br\/index.php\/wp-json\/wp\/v2\/comments?post=8348"}],"version-history":[{"count":0,"href":"https:\/\/www.oparanews.com.br\/index.php\/wp-json\/wp\/v2\/posts\/8348\/revisions"}],"wp:attachment":[{"href":"https:\/\/www.oparanews.com.br\/index.php\/wp-json\/wp\/v2\/media?parent=8348"}],"wp:term":[{"taxonomy":"category","embeddable":true,"href":"https:\/\/www.oparanews.com.br\/index.php\/wp-json\/wp\/v2\/categories?post=8348"},{"taxonomy":"post_tag","embeddable":true,"href":"https:\/\/www.oparanews.com.br\/index.php\/wp-json\/wp\/v2\/tags?post=8348"}],"curies":[{"name":"wp","href":"https:\/\/api.w.org\/{rel}","templated":true}]}}