{"id":8356,"date":"2020-07-30T00:31:07","date_gmt":"2020-07-30T00:31:07","guid":{"rendered":"https:\/\/oparanews.com.br\/?p=8356"},"modified":"2020-07-30T00:31:07","modified_gmt":"2020-07-30T00:31:07","slug":"alagoas-inicia-campanha-de-vacinacao-contra-o-sarampo-na-segunda-3","status":"publish","type":"post","link":"https:\/\/www.oparanews.com.br\/index.php\/2020\/07\/30\/alagoas-inicia-campanha-de-vacinacao-contra-o-sarampo-na-segunda-3\/","title":{"rendered":"Alagoas inicia Campanha de Vacina\u00e7\u00e3o contra o Sarampo na segunda (3)"},"content":{"rendered":"<p>Com a reintrodu\u00e7\u00e3o do sarampo no Brasil, o Minist\u00e9rio da Sa\u00fade (MS) ir\u00e1 promover campanha de vacina\u00e7\u00e3o para pessoas entre 20 a 49 anos. Em Alagoas, a a\u00e7\u00e3o vai ocorrer a partir da segunda-feira (3), nos 102 munic\u00edpios do Estado, e prossegue at\u00e9 o dia 31 de agosto.<\/p>\n<p>Conforme o Programa Nacional de Imuniza\u00e7\u00e3o (PNI), a meta \u00e9 vacinar 1.395.727 habitantes. A recomenda\u00e7\u00e3o \u00e9 que, independente de j\u00e1 ter se vacinado, \u00e9 necess\u00e1rio tomar a vacina disponibilizada na campanha, excetuando-se quem se imunizou nos \u00faltimos 30 dias.<\/p>\n<p>Segundo a assessora do PNI em Alagoas, Denise Castro, a ades\u00e3o \u00e0 campanha de vacina\u00e7\u00e3o \u00e9 imprescind\u00edvel, com o intuito de evitar um surto de sarampo. \u201cEst\u00e1vamos h\u00e1 20 anos sem o registro de casos, mas, foram notificados 35 em 2019 e quatro no primeiro semestre deste ano. Isso mostra que h\u00e1 circula\u00e7\u00e3o do v\u00edrus no Estado e a vacina \u00e9 a \u00fanica forma de prote\u00e7\u00e3o\u201d, salientou.<\/p>\n<p>Contraindica\u00e7\u00e3o \u2013 Para o Minist\u00e9rio da Sa\u00fade, a vacina \u00e9 contraindicada para gestantes e pessoas comprovadamente portadoras de alergia \u00e0 prote\u00edna do leite de vaca (APLV), que ao inv\u00e9s de receberem a dupla viral e a vacina tr\u00edplice viral do laborat\u00f3rio Serum Insititute of India, devem ser imunizadas com a vacina tr\u00edplice viral dos laborat\u00f3rios Bio-Manguinhos ou MSD.<\/p>\n<p>J\u00e1 as pessoas com hist\u00f3ria de rea\u00e7\u00e3o anafil\u00e1tica sist\u00eamica ap\u00f3s ingest\u00e3o de ovo, a exemplo de urtic\u00e1ria generalizada, hipotens\u00e3o e obstru\u00e7\u00e3o de vias a\u00e9reas superiores ou inferiores comprovadas, tamb\u00e9m t\u00eam restri\u00e7\u00f5es. Nestes casos, a vacina deve ser aplicada em ambiente hospitalar com condi\u00e7\u00f5es adequadas de atendimento de urg\u00eancias emerg\u00eancias ou no Centro de Refer\u00eancia para Imunobiol\u00f3gicos Especiais (CRIE).<\/p>\n<p>\u201cNo caso dos doadores de sangue habituais, eles devem realizar a doa\u00e7\u00e3o antes de se vacinarem. Isso porque, as pessoas que tomam a dupla e tr\u00edplice viral ficam impossibilitadas de doar sangue pelo per\u00edodo de quatro semanas\u201d, enfatizou Denise Castro.<\/p>\n<p>A doen\u00e7a \u2013 O sarampo, segundo infectologistas da Secretaria de Estado da Sa\u00fade (Sesau), \u00e9 uma doen\u00e7a causada por um v\u00edrus Measles morbillivirus, que al\u00e9m de deixar sequelas como cegueira e surdez, pode ser fatal. A transmiss\u00e3o ocorre quando a pessoa doente tosse, fala, espirra ou respira pr\u00f3ximo de outras pessoas, sendo a vacina a \u00fanica forma de preven\u00e7\u00e3o.<\/p>\n<p>Os principais sintomas do sarampo s\u00e3o febre acompanhada de tosse, irrita\u00e7\u00e3o nos olhos, nariz escorrendo ou entupido e mal-estar intenso. Entre o terceiro e quinto dia do in\u00edcio dos sintomas geralmente aparecem manchas vermelhas no rosto e atr\u00e1s das orelhas e, em seguida, se espalham pelo corpo.<\/p>\n<p>&nbsp;<\/p>\n<p><strong>Fonte: Ag\u00eancia Alagoas<\/strong><\/p>\n<p>&nbsp;<\/p>\n","protected":false},"excerpt":{"rendered":"<p>Com a reintrodu\u00e7\u00e3o do sarampo no Brasil, o Minist\u00e9rio da Sa\u00fade (MS) ir\u00e1 promover campanha de vacina\u00e7\u00e3o para pessoas entre 20 a 49 anos. Em Alagoas, a a\u00e7\u00e3o vai ocorrer a partir da segunda-feira (3), nos 102 munic\u00edpios do Estado, e prossegue at\u00e9 o dia 31 de agosto. Conforme o Programa Nacional de Imuniza\u00e7\u00e3o (PNI), &hellip;<\/p>\n","protected":false},"author":1,"featured_media":8357,"comment_status":"open","ping_status":"open","sticky":false,"template":"","format":"standard","meta":{"_jetpack_newsletter_access":"","_jetpack_dont_email_post_to_subs":false,"_jetpack_newsletter_tier_id":0,"_jetpack_memberships_contains_paywalled_content":false,"_jetpack_memberships_contains_paid_content":false,"footnotes":""},"categories":[1],"tags":[],"class_list":["post-8356","post","type-post","status-publish","format-standard","has-post-thumbnail","hentry","category-destaque"],"jetpack_sharing_enabled":true,"jetpack_featured_media_url":"","_links":{"self":[{"href":"https:\/\/www.oparanews.com.br\/index.php\/wp-json\/wp\/v2\/posts\/8356","targetHints":{"allow":["GET"]}}],"collection":[{"href":"https:\/\/www.oparanews.com.br\/index.php\/wp-json\/wp\/v2\/posts"}],"about":[{"href":"https:\/\/www.oparanews.com.br\/index.php\/wp-json\/wp\/v2\/types\/post"}],"author":[{"embeddable":true,"href":"https:\/\/www.oparanews.com.br\/index.php\/wp-json\/wp\/v2\/users\/1"}],"replies":[{"embeddable":true,"href":"https:\/\/www.oparanews.com.br\/index.php\/wp-json\/wp\/v2\/comments?post=8356"}],"version-history":[{"count":0,"href":"https:\/\/www.oparanews.com.br\/index.php\/wp-json\/wp\/v2\/posts\/8356\/revisions"}],"wp:attachment":[{"href":"https:\/\/www.oparanews.com.br\/index.php\/wp-json\/wp\/v2\/media?parent=8356"}],"wp:term":[{"taxonomy":"category","embeddable":true,"href":"https:\/\/www.oparanews.com.br\/index.php\/wp-json\/wp\/v2\/categories?post=8356"},{"taxonomy":"post_tag","embeddable":true,"href":"https:\/\/www.oparanews.com.br\/index.php\/wp-json\/wp\/v2\/tags?post=8356"}],"curies":[{"name":"wp","href":"https:\/\/api.w.org\/{rel}","templated":true}]}}