{"id":8359,"date":"2020-07-30T00:35:46","date_gmt":"2020-07-30T00:35:46","guid":{"rendered":"https:\/\/oparanews.com.br\/?p=8359"},"modified":"2020-07-30T00:35:46","modified_gmt":"2020-07-30T00:35:46","slug":"brasil-registra-recorde-diario-de-mortes-e-novos-casos","status":"publish","type":"post","link":"https:\/\/www.oparanews.com.br\/index.php\/2020\/07\/30\/brasil-registra-recorde-diario-de-mortes-e-novos-casos\/","title":{"rendered":"Brasil registra recorde di\u00e1rio de mortes e novos casos"},"content":{"rendered":"<p>O Brasil atingiu nesta quarta-feira novo recorde de mortes registradas em 24 horas por covid-19, com mais 1.595 \u00f3bitos, elevando o total de v\u00edtimas fatais da doen\u00e7a no pa\u00eds a 90.134, e tamb\u00e9m registrou um novo recorde de casos confirmados, com mais 70.074 notifica\u00e7\u00f5es, totalizando 2.553.265, de acordo com dados do Minist\u00e9rio da Sa\u00fade.<\/p>\n<p>O cons\u00f3rcio de imprensa formado por Estad\u00e3o, G1, O Globo, Extra, Folha e UOL levantou, junto \u00e0s secretarias estaduais de Sa\u00fade, 1.554 mortes e 70.869 casos nas \u00faltimas 24 horas. Ao todo, os ve\u00edculos de imprensa registraram 90.188 mortes e 2.555.518 de contamina\u00e7\u00f5es pelo novo coronav\u00edrus.<\/p>\n<p>Os n\u00fameros nacionais desta quarta-feira foram impactados por uma atualiza\u00e7\u00e3o de dados da v\u00e9spera do Estado de S\u00e3o Paulo que n\u00e3o foram contabilizados na ter\u00e7a-feira devido a um problema t\u00e9cnico. Somente em SP foram inclu\u00eddo no sistema nesta quarta 26.453 novos casos e mais 713 \u00f3bitos.<\/p>\n<p>O recorde anterior de mortes registradas em 24 horas por covid-19 no Brasil era do dia 4 de junho, com 1.473 \u00f3bitos, enquanto o maior n\u00famero de casos registrados em um dia havia ocorrido em 22 de julho, com 67.860.<\/p>\n<p>Na semana passada, o Brasil registrou seu maior n\u00famero de casos semanais desde o in\u00edcio da pandemia, com 319.653 infec\u00e7\u00f5es, indicando que enfrenta seu pior momento desde que foi atingido pela crise do coronav\u00edrus.<\/p>\n<p>&nbsp;<\/p>\n<p><strong>Fonte: Terra<\/strong><\/p>\n<p>&nbsp;<\/p>\n","protected":false},"excerpt":{"rendered":"<p>O Brasil atingiu nesta quarta-feira novo recorde de mortes registradas em 24 horas por covid-19, com mais 1.595 \u00f3bitos, elevando o total de v\u00edtimas fatais da doen\u00e7a no pa\u00eds a 90.134, e tamb\u00e9m registrou um novo recorde de casos confirmados, com mais 70.074 notifica\u00e7\u00f5es, totalizando 2.553.265, de acordo com dados do Minist\u00e9rio da Sa\u00fade. O &hellip;<\/p>\n","protected":false},"author":1,"featured_media":8360,"comment_status":"open","ping_status":"open","sticky":false,"template":"","format":"standard","meta":{"_jetpack_newsletter_access":"","_jetpack_dont_email_post_to_subs":false,"_jetpack_newsletter_tier_id":0,"_jetpack_memberships_contains_paywalled_content":false,"_jetpack_memberships_contains_paid_content":false,"footnotes":""},"categories":[1],"tags":[],"class_list":["post-8359","post","type-post","status-publish","format-standard","has-post-thumbnail","hentry","category-destaque"],"jetpack_sharing_enabled":true,"jetpack_featured_media_url":"","_links":{"self":[{"href":"https:\/\/www.oparanews.com.br\/index.php\/wp-json\/wp\/v2\/posts\/8359","targetHints":{"allow":["GET"]}}],"collection":[{"href":"https:\/\/www.oparanews.com.br\/index.php\/wp-json\/wp\/v2\/posts"}],"about":[{"href":"https:\/\/www.oparanews.com.br\/index.php\/wp-json\/wp\/v2\/types\/post"}],"author":[{"embeddable":true,"href":"https:\/\/www.oparanews.com.br\/index.php\/wp-json\/wp\/v2\/users\/1"}],"replies":[{"embeddable":true,"href":"https:\/\/www.oparanews.com.br\/index.php\/wp-json\/wp\/v2\/comments?post=8359"}],"version-history":[{"count":0,"href":"https:\/\/www.oparanews.com.br\/index.php\/wp-json\/wp\/v2\/posts\/8359\/revisions"}],"wp:attachment":[{"href":"https:\/\/www.oparanews.com.br\/index.php\/wp-json\/wp\/v2\/media?parent=8359"}],"wp:term":[{"taxonomy":"category","embeddable":true,"href":"https:\/\/www.oparanews.com.br\/index.php\/wp-json\/wp\/v2\/categories?post=8359"},{"taxonomy":"post_tag","embeddable":true,"href":"https:\/\/www.oparanews.com.br\/index.php\/wp-json\/wp\/v2\/tags?post=8359"}],"curies":[{"name":"wp","href":"https:\/\/api.w.org\/{rel}","templated":true}]}}