{"id":8362,"date":"2020-07-30T00:37:10","date_gmt":"2020-07-30T00:37:10","guid":{"rendered":"https:\/\/oparanews.com.br\/?p=8362"},"modified":"2020-07-30T00:37:10","modified_gmt":"2020-07-30T00:37:10","slug":"russia-acelera-processo-e-promete-vacina-para-agosto","status":"publish","type":"post","link":"https:\/\/www.oparanews.com.br\/index.php\/2020\/07\/30\/russia-acelera-processo-e-promete-vacina-para-agosto\/","title":{"rendered":"R\u00fassia acelera processo e promete vacina para agosto"},"content":{"rendered":"<p>A R\u00fassia pretende aprovar uma vacina contra o novo coronav\u00edrus at\u00e9 10 de agosto e com isso se tornar o primeiro pa\u00eds do mundo na corrida pela imuniza\u00e7\u00e3o da covid-19. De acordo com a CNN internacional, a subst\u00e2ncia est\u00e1 sendo desenvolvida pelo Instituto Gamaleya, baseado em Moscou, mas tem levantado preocupa\u00e7\u00f5es sobre sua efic\u00e1cia, seguran\u00e7a e processos de desenvolvimento<\/p>\n<p>Agentes federais russos ouvidos pela CNN afirmam que o objetivo \u00e9 disponibilizar a imuniza\u00e7\u00e3o para o p\u00fablico em at\u00e9 duas semanas, com profissionais da sa\u00fade na linha de frente sendo os primeiros a receberem a vacina.<\/p>\n<p>De acordo com a publica\u00e7\u00e3o, o pa\u00eds n\u00e3o divulgou nenhuma informa\u00e7\u00e3o cient\u00edfica sobre a pesquisa, cuja efic\u00e1cia ou seguran\u00e7a ainda n\u00e3o foram comprovadas. Cr\u00edticos a acelera\u00e7\u00e3o no processo de aprova\u00e7\u00e3o da vacina alegam que h\u00e1 uma press\u00e3o do kremlin para que a R\u00fassia seja retratada como uma for\u00e7a cient\u00edfica global.<\/p>\n<p>Outra preocupa\u00e7\u00e3o \u00e9 de que os testes em humanos ainda estariam incompletos e a vacina n\u00e3o teria passado da segunda fase do processo (veja mais abaixo). A ideia seria come\u00e7ar a terceira fase de testagens em 3 de agosto, paralelamente \u00e0 vacina\u00e7\u00e3o em profissionais de sa\u00fade.<\/p>\n<p>Cientistas russos, entretanto, afirmam que a vacina est\u00e1 sendo desenvolvida de forma r\u00e1pida por ser adaptada de uma vers\u00e3o j\u00e1 existente e usada contra outras doen\u00e7as. O processo \u00e9 similar ao que o laborat\u00f3rio Moderna tem desenvolvido com o apoio do governo norte-americano, cujos testes chegaram \u00e0 fase 3 ainda nesta semana.<\/p>\n<p>Ainda nesta segunda-feira, 27, o instituto estatal russo de virologia Vector iniciou testes cl\u00ednicos &#8211; feito em humanos &#8211; de uma segunda candidata a vacina contra a covid-19. Segundo a ag\u00eancia de not\u00edcias RIA, cinco volunt\u00e1rios receberam o imunizante nessa fase.<\/p>\n<p>Fase explorat\u00f3ria ou laboratorial: Fase inicial ainda restrita aos laborat\u00f3rios. Momento em que s\u00e3o avaliadas dezenas e at\u00e9 centenas de mol\u00e9culas para se definir a melhor composi\u00e7\u00e3o da vacina.<br \/>\nFase pr\u00e9-cl\u00ednica ou n\u00e3o cl\u00ednica: Ap\u00f3s a defini\u00e7\u00e3o dos melhores componentes para a vacina, s\u00e3o realizados testes em animais para comprova\u00e7\u00e3o dos dados obtidos em experimenta\u00e7\u00f5es in vitro.<br \/>\nFase cl\u00ednica: \u00c9 a testagem do produto em seres humanos. Esta fase do processo se divide em tr\u00eas:<br \/>\nFase 1 &#8211; a primeira etapa tem por objetivo principal testar a seguran\u00e7a do produto. S\u00e3o testados poucos volunt\u00e1rios, de 20 a 80, geralmente adultos saud\u00e1veis.<br \/>\nFase 2 &#8211; a segunda etapa da testagem em seres humanos analisa mais detalhadamente a seguran\u00e7a do novo produto e tamb\u00e9m sua efic\u00e1cia. Em geral, \u00e9 usado um grupo um pouco maior, que pode chegar a centenas de pessoas.<br \/>\nFase 3 &#8211; na \u00faltima etapa o objetivo \u00e9 testar a seguran\u00e7a e efic\u00e1cia do produto especificamente no p\u00fablico-alvo a que se destina. Nesta etapa, o n\u00famero de participantes pode chegar a milhares. Mesmo depois da aprova\u00e7\u00e3o, nova vacina continua sendo monitorada, em busca de eventuais rea\u00e7\u00f5es adversas.<\/p>\n<p>&nbsp;<\/p>\n<p><strong>Fonte: Terra<\/strong><\/p>\n<p>&nbsp;<\/p>\n","protected":false},"excerpt":{"rendered":"<p>A R\u00fassia pretende aprovar uma vacina contra o novo coronav\u00edrus at\u00e9 10 de agosto e com isso se tornar o primeiro pa\u00eds do mundo na corrida pela imuniza\u00e7\u00e3o da covid-19. De acordo com a CNN internacional, a subst\u00e2ncia est\u00e1 sendo desenvolvida pelo Instituto Gamaleya, baseado em Moscou, mas tem levantado preocupa\u00e7\u00f5es sobre sua efic\u00e1cia, seguran\u00e7a &hellip;<\/p>\n","protected":false},"author":1,"featured_media":8363,"comment_status":"open","ping_status":"open","sticky":false,"template":"","format":"standard","meta":{"_jetpack_newsletter_access":"","_jetpack_dont_email_post_to_subs":false,"_jetpack_newsletter_tier_id":0,"_jetpack_memberships_contains_paywalled_content":false,"_jetpack_memberships_contains_paid_content":false,"footnotes":""},"categories":[1],"tags":[],"class_list":["post-8362","post","type-post","status-publish","format-standard","has-post-thumbnail","hentry","category-destaque"],"jetpack_sharing_enabled":true,"jetpack_featured_media_url":"","_links":{"self":[{"href":"https:\/\/www.oparanews.com.br\/index.php\/wp-json\/wp\/v2\/posts\/8362","targetHints":{"allow":["GET"]}}],"collection":[{"href":"https:\/\/www.oparanews.com.br\/index.php\/wp-json\/wp\/v2\/posts"}],"about":[{"href":"https:\/\/www.oparanews.com.br\/index.php\/wp-json\/wp\/v2\/types\/post"}],"author":[{"embeddable":true,"href":"https:\/\/www.oparanews.com.br\/index.php\/wp-json\/wp\/v2\/users\/1"}],"replies":[{"embeddable":true,"href":"https:\/\/www.oparanews.com.br\/index.php\/wp-json\/wp\/v2\/comments?post=8362"}],"version-history":[{"count":0,"href":"https:\/\/www.oparanews.com.br\/index.php\/wp-json\/wp\/v2\/posts\/8362\/revisions"}],"wp:attachment":[{"href":"https:\/\/www.oparanews.com.br\/index.php\/wp-json\/wp\/v2\/media?parent=8362"}],"wp:term":[{"taxonomy":"category","embeddable":true,"href":"https:\/\/www.oparanews.com.br\/index.php\/wp-json\/wp\/v2\/categories?post=8362"},{"taxonomy":"post_tag","embeddable":true,"href":"https:\/\/www.oparanews.com.br\/index.php\/wp-json\/wp\/v2\/tags?post=8362"}],"curies":[{"name":"wp","href":"https:\/\/api.w.org\/{rel}","templated":true}]}}