{"id":8368,"date":"2020-07-30T17:08:39","date_gmt":"2020-07-30T17:08:39","guid":{"rendered":"https:\/\/oparanews.com.br\/?p=8368"},"modified":"2020-07-30T17:08:39","modified_gmt":"2020-07-30T17:08:39","slug":"cidoca-segue-se-reunindo-com-os-pre-candidatos-pelo-partido-pros","status":"publish","type":"post","link":"https:\/\/www.oparanews.com.br\/index.php\/2020\/07\/30\/cidoca-segue-se-reunindo-com-os-pre-candidatos-pelo-partido-pros\/","title":{"rendered":"Cidoca segue se reunindo com os pr\u00e9-candidatos pelo partido PROS"},"content":{"rendered":"<p>Nesta quarta-feira (29), o Partido Republicano da Ordem Social (PROS) em Alagoas fez mais uma reuni\u00e3o com pequeno grupo de pr\u00e9-candidatos em Penedo. O encontro foi liderado pelo presidente do Pros Alcides Andrade CIDOCA e Alberto Pesado.<\/p>\n<p>Os pr\u00e9-candidatos a vereadores por Penedo, Walder Lima, Nen\u00e9m do Amendoim e Maria (agente de sa\u00fade) receberam instru\u00e7\u00f5es sobre o per\u00edodo de elei\u00e7\u00f5es previsto para novembro.<\/p>\n<p>Nesta quinta-feira (30), a s\u00e9rie de baterias segue com outros quatro pr\u00e9-candidatos. A ideia do partido \u00e9 confirmar os 23 nomes e apresent\u00e1-los \u00e0 popula\u00e7\u00e3o ao fim desse m\u00eas de agosto.<\/p>\n<p>O PROS segue cada vez mais forte em Penedo e pode fazer tr\u00eas vereadores na C\u00e2mara Municipal.<\/p>\n<p>&nbsp;<\/p>\n<p><strong>por divulga\u00e7\u00e3o<\/strong><\/p>\n","protected":false},"excerpt":{"rendered":"<p>Nesta quarta-feira (29), o Partido Republicano da Ordem Social (PROS) em Alagoas fez mais uma reuni\u00e3o com pequeno grupo de pr\u00e9-candidatos em Penedo. O encontro foi liderado pelo presidente do Pros Alcides Andrade CIDOCA e Alberto Pesado. Os pr\u00e9-candidatos a vereadores por Penedo, Walder Lima, Nen\u00e9m do Amendoim e Maria (agente de sa\u00fade) receberam instru\u00e7\u00f5es &hellip;<\/p>\n","protected":false},"author":1,"featured_media":8369,"comment_status":"open","ping_status":"open","sticky":false,"template":"","format":"standard","meta":{"_jetpack_newsletter_access":"","_jetpack_dont_email_post_to_subs":false,"_jetpack_newsletter_tier_id":0,"_jetpack_memberships_contains_paywalled_content":false,"_jetpack_memberships_contains_paid_content":false,"footnotes":""},"categories":[1],"tags":[],"class_list":["post-8368","post","type-post","status-publish","format-standard","has-post-thumbnail","hentry","category-destaque"],"jetpack_sharing_enabled":true,"jetpack_featured_media_url":"","_links":{"self":[{"href":"https:\/\/www.oparanews.com.br\/index.php\/wp-json\/wp\/v2\/posts\/8368","targetHints":{"allow":["GET"]}}],"collection":[{"href":"https:\/\/www.oparanews.com.br\/index.php\/wp-json\/wp\/v2\/posts"}],"about":[{"href":"https:\/\/www.oparanews.com.br\/index.php\/wp-json\/wp\/v2\/types\/post"}],"author":[{"embeddable":true,"href":"https:\/\/www.oparanews.com.br\/index.php\/wp-json\/wp\/v2\/users\/1"}],"replies":[{"embeddable":true,"href":"https:\/\/www.oparanews.com.br\/index.php\/wp-json\/wp\/v2\/comments?post=8368"}],"version-history":[{"count":0,"href":"https:\/\/www.oparanews.com.br\/index.php\/wp-json\/wp\/v2\/posts\/8368\/revisions"}],"wp:attachment":[{"href":"https:\/\/www.oparanews.com.br\/index.php\/wp-json\/wp\/v2\/media?parent=8368"}],"wp:term":[{"taxonomy":"category","embeddable":true,"href":"https:\/\/www.oparanews.com.br\/index.php\/wp-json\/wp\/v2\/categories?post=8368"},{"taxonomy":"post_tag","embeddable":true,"href":"https:\/\/www.oparanews.com.br\/index.php\/wp-json\/wp\/v2\/tags?post=8368"}],"curies":[{"name":"wp","href":"https:\/\/api.w.org\/{rel}","templated":true}]}}