{"id":8371,"date":"2020-07-30T18:57:34","date_gmt":"2020-07-30T18:57:34","guid":{"rendered":"https:\/\/oparanews.com.br\/?p=8371"},"modified":"2020-07-30T18:57:34","modified_gmt":"2020-07-30T18:57:34","slug":"entrega-de-rg-na-semdsh-penedo-termina-nesta-sexta-feira-31","status":"publish","type":"post","link":"https:\/\/www.oparanews.com.br\/index.php\/2020\/07\/30\/entrega-de-rg-na-semdsh-penedo-termina-nesta-sexta-feira-31\/","title":{"rendered":"Entrega de RG na SEMDSH Penedo termina nesta sexta-feira, 31"},"content":{"rendered":"<p>Quem ainda n\u00e3o foi buscar sua carteira de identidade na sede da Secretaria Municipal de Desenvolvimento Social e Habita\u00e7\u00e3o (SEMDSH) s\u00f3 tem at\u00e9 amanh\u00e3 para pegar o documento de identifica\u00e7\u00e3o pessoal.<\/p>\n<p>O prazo para retirar o RG termina as 13 horas desta sexta-feira, 31 de julho, \u00faltimo dia da prorroga\u00e7\u00e3o do prazo aberto com o mutir\u00e3o realizado na semana passada.<\/p>\n<p>A distribui\u00e7\u00e3o de quase seiscentas carteiras de identidade por meio da SEMDSH Penedo foi poss\u00edvel gra\u00e7as ao trabalho conjunto entre o Governo de Alagoas, a Prefeitura de Penedo e a Associa\u00e7\u00e3o dos Munic\u00edpios Alagoanos.<\/p>\n<p>Apesar da divulga\u00e7\u00e3o e da organiza\u00e7\u00e3o da entrega que seguiu calend\u00e1rio por ordem alfab\u00e9tica, cerca de 250 pessoas que deixaram de retirar a carteira de identidade solicitada antes da pandemia da Covid-19 em Penedo.<\/p>\n<p>\u201cSe n\u00e3o vierem buscar, n\u00f3s precisaremos devolver para o Instituto de Identifica\u00e7\u00e3o e as pessoas n\u00e3o ter\u00e3o mais essa facilidade de pegar o documento aqui em Penedo, perto de cada um\u201d, alerta Vin\u00edcius Barbosa, Secret\u00e1rio Municipal do Desenvolvimento Social e Habita\u00e7\u00e3o.<\/p>\n<p>A SEMDSH est\u00e1 situada na Avenida Get\u00falio Vargas, pr\u00f3xima da sede da Procuradoria Geral do Munic\u00edpio e da Pra\u00e7a Clementino do Monte, mais conhecida como Pra\u00e7a do Senhor dos Pobres, refer\u00eancia \u00e0 igreja localizada no logradouro.<\/p>\n<p>Para ter acesso \u00e0 sede, \u00e9 obrigat\u00f3rio o uso de m\u00e1scara protetora contra a Covid-19. Al\u00e9m disso, o RG s\u00f3 ser\u00e1 entregue mediante apresenta\u00e7\u00e3o do protocolo que comprova a solicita\u00e7\u00e3o da carteira de identidade.<\/p>\n<p>Caso o titular do documento n\u00e3o possa se deslocar at\u00e9 a SEMDSH, deve enviar um parente portando, al\u00e9m do protocolo para pegar a identidade, a certid\u00e3o de nascimento ou de casamento original do dono da RG.<\/p>\n<p>&nbsp;<\/p>\n<p><strong>por Fernando Vin\u00edcius \u2013 Decom PMP<\/strong><\/p>\n<p>&nbsp;<\/p>\n","protected":false},"excerpt":{"rendered":"<p>Quem ainda n\u00e3o foi buscar sua carteira de identidade na sede da Secretaria Municipal de Desenvolvimento Social e Habita\u00e7\u00e3o (SEMDSH) s\u00f3 tem at\u00e9 amanh\u00e3 para pegar o documento de identifica\u00e7\u00e3o pessoal. O prazo para retirar o RG termina as 13 horas desta sexta-feira, 31 de julho, \u00faltimo dia da prorroga\u00e7\u00e3o do prazo aberto com o &hellip;<\/p>\n","protected":false},"author":1,"featured_media":8372,"comment_status":"open","ping_status":"open","sticky":false,"template":"","format":"standard","meta":{"_jetpack_newsletter_access":"","_jetpack_dont_email_post_to_subs":false,"_jetpack_newsletter_tier_id":0,"_jetpack_memberships_contains_paywalled_content":false,"_jetpack_memberships_contains_paid_content":false,"footnotes":""},"categories":[1],"tags":[],"class_list":["post-8371","post","type-post","status-publish","format-standard","has-post-thumbnail","hentry","category-destaque"],"jetpack_sharing_enabled":true,"jetpack_featured_media_url":"","_links":{"self":[{"href":"https:\/\/www.oparanews.com.br\/index.php\/wp-json\/wp\/v2\/posts\/8371","targetHints":{"allow":["GET"]}}],"collection":[{"href":"https:\/\/www.oparanews.com.br\/index.php\/wp-json\/wp\/v2\/posts"}],"about":[{"href":"https:\/\/www.oparanews.com.br\/index.php\/wp-json\/wp\/v2\/types\/post"}],"author":[{"embeddable":true,"href":"https:\/\/www.oparanews.com.br\/index.php\/wp-json\/wp\/v2\/users\/1"}],"replies":[{"embeddable":true,"href":"https:\/\/www.oparanews.com.br\/index.php\/wp-json\/wp\/v2\/comments?post=8371"}],"version-history":[{"count":0,"href":"https:\/\/www.oparanews.com.br\/index.php\/wp-json\/wp\/v2\/posts\/8371\/revisions"}],"wp:attachment":[{"href":"https:\/\/www.oparanews.com.br\/index.php\/wp-json\/wp\/v2\/media?parent=8371"}],"wp:term":[{"taxonomy":"category","embeddable":true,"href":"https:\/\/www.oparanews.com.br\/index.php\/wp-json\/wp\/v2\/categories?post=8371"},{"taxonomy":"post_tag","embeddable":true,"href":"https:\/\/www.oparanews.com.br\/index.php\/wp-json\/wp\/v2\/tags?post=8371"}],"curies":[{"name":"wp","href":"https:\/\/api.w.org\/{rel}","templated":true}]}}