{"id":8374,"date":"2020-07-30T18:59:14","date_gmt":"2020-07-30T18:59:14","guid":{"rendered":"https:\/\/oparanews.com.br\/?p=8374"},"modified":"2020-07-30T18:59:14","modified_gmt":"2020-07-30T18:59:14","slug":"prefeitura-de-penedo-convoca-trabalhadores-da-cultura-para-debater-auxilio-emergencial","status":"publish","type":"post","link":"https:\/\/www.oparanews.com.br\/index.php\/2020\/07\/30\/prefeitura-de-penedo-convoca-trabalhadores-da-cultura-para-debater-auxilio-emergencial\/","title":{"rendered":"Prefeitura de Penedo convoca trabalhadores da cultura para debater Aux\u00edlio Emergencial"},"content":{"rendered":"<p>Quem trabalha com alguma atividade cultural em Penedo, est\u00e1 desempregado e n\u00e3o recebe o Aux\u00edlio Emergencial distribu\u00eddo pela Uni\u00e3o tem encontro marcado com a Secretaria Municipal de Cultura, Lazer, Esporte e Juventude (Semclej) no pr\u00f3ximo dia 06 de agosto.<\/p>\n<p>Por meio de videoconfer\u00eancia, trabalhadores do setor e gestores de institui\u00e7\u00f5es culturais penedenses ter\u00e3o a oportunidade de conhecer e debater a Lei Aldir Blanc, instrumento que estendeu o apoio emergencial do governo federal aos que est\u00e3o inseridos na cadeia produtiva art\u00edstico-cultural.<\/p>\n<p>Al\u00e9m do rateio de R$ 600,00 (seiscentos reais) para pessoas f\u00edsicas por tr\u00eas meses consecutivos, prazo que pode ser prorrogado, a Lei Aldir Blanc tamb\u00e9m prev\u00ea repasse que varia de R$ 3.000,00 (tr\u00eas mil reais) at\u00e9 R$ 10.000,00 (dez mil reais) para espa\u00e7os culturais, desde que n\u00e3o sejam mantidos pelo poder p\u00fablico.<\/p>\n<p>No caso das casas de cultura, al\u00e9m da comprova\u00e7\u00e3o do uso do recurso, h\u00e1 exig\u00eancia de contrapartida direcionada para estudantes da rede p\u00fablica, ap\u00f3s a reabertura do espa\u00e7o.<\/p>\n<p>Para participar da reuni\u00e3o virtual promovida pela Semclej, os interessados devem entrar em contato com o Diretor do Departamento Municipal da Juventude, Cleyton Porf\u00edrio, atrav\u00e9s do Whatsapp (82) 99604-0982.<\/p>\n<p>Em meados do m\u00eas passado, logo ap\u00f3s a san\u00e7\u00e3o da Lei Aldir Blanc, a Prefeitura de Penedo divulgou a necessidade de cadastramento dos artistas e institui\u00e7\u00f5es culturais como uma das orienta\u00e7\u00f5es relacionadas ao repasse do recurso emergencial.<\/p>\n<p>Confira abaixo mais informa\u00e7\u00f5es sobre a Lei Aldir Blanc<\/p>\n<p>Quem pode receber o aux\u00edlio?<\/p>\n<p>Para receber o valor, os trabalhadores devem comprovar atua\u00e7\u00e3o no setor cultural nos \u00faltimos dois anos, n\u00e3o ter v\u00ednculo formal de emprego e n\u00e3o ter recebido o aux\u00edlio emergencial federal ou outro benef\u00edcio previdenci\u00e1rio ou assistencial; seguro-desemprego ou valores de programas de transfer\u00eancia de renda federal, com exce\u00e7\u00e3o do Bolsa Fam\u00edlia.<\/p>\n<p>Tamb\u00e9m \u00e9 preciso cumprir crit\u00e9rios de renda familiar mensal m\u00e1xima: at\u00e9 meio sal\u00e1rio-m\u00ednimo (R$ 522,50) por pessoa ou total de at\u00e9 tr\u00eas sal\u00e1rios-m\u00ednimos (R$ 3.135) por fam\u00edlia, e, ainda, n\u00e3o ter recebido mais de R$ 28.559,70 em 2018.<\/p>\n<p>Os R$ 600 podem ser pagos para at\u00e9 duas pessoas de uma mesma fam\u00edlia. M\u00e3es solteiras recebem o dobro do benef\u00edcio, R$ 1.200.<\/p>\n<p><strong>Espa\u00e7os culturais<\/strong><\/p>\n<p>Espa\u00e7os art\u00edsticos e culturais, pequenas e microempresas culturais e cooperativas, institui\u00e7\u00f5es e organiza\u00e7\u00f5es culturais comunit\u00e1rias que tiveram as suas atividades interrompidas devido ao isolamento social, poder\u00e3o receber repasses entre R$ 3 mil e R$ 10 mil mensais dos governos estaduais e municipais.<\/p>\n<p>&nbsp;<\/p>\n<p><strong>por Fernando Vin\u00edcius \u2013 Decom PMP<\/strong><\/p>\n<p>&nbsp;<\/p>\n","protected":false},"excerpt":{"rendered":"<p>Quem trabalha com alguma atividade cultural em Penedo, est\u00e1 desempregado e n\u00e3o recebe o Aux\u00edlio Emergencial distribu\u00eddo pela Uni\u00e3o tem encontro marcado com a Secretaria Municipal de Cultura, Lazer, Esporte e Juventude (Semclej) no pr\u00f3ximo dia 06 de agosto. Por meio de videoconfer\u00eancia, trabalhadores do setor e gestores de institui\u00e7\u00f5es culturais penedenses ter\u00e3o a oportunidade &hellip;<\/p>\n","protected":false},"author":1,"featured_media":8375,"comment_status":"open","ping_status":"open","sticky":false,"template":"","format":"standard","meta":{"_jetpack_newsletter_access":"","_jetpack_dont_email_post_to_subs":false,"_jetpack_newsletter_tier_id":0,"_jetpack_memberships_contains_paywalled_content":false,"_jetpack_memberships_contains_paid_content":false,"footnotes":""},"categories":[1],"tags":[],"class_list":["post-8374","post","type-post","status-publish","format-standard","has-post-thumbnail","hentry","category-destaque"],"jetpack_sharing_enabled":true,"jetpack_featured_media_url":"","_links":{"self":[{"href":"https:\/\/www.oparanews.com.br\/index.php\/wp-json\/wp\/v2\/posts\/8374","targetHints":{"allow":["GET"]}}],"collection":[{"href":"https:\/\/www.oparanews.com.br\/index.php\/wp-json\/wp\/v2\/posts"}],"about":[{"href":"https:\/\/www.oparanews.com.br\/index.php\/wp-json\/wp\/v2\/types\/post"}],"author":[{"embeddable":true,"href":"https:\/\/www.oparanews.com.br\/index.php\/wp-json\/wp\/v2\/users\/1"}],"replies":[{"embeddable":true,"href":"https:\/\/www.oparanews.com.br\/index.php\/wp-json\/wp\/v2\/comments?post=8374"}],"version-history":[{"count":0,"href":"https:\/\/www.oparanews.com.br\/index.php\/wp-json\/wp\/v2\/posts\/8374\/revisions"}],"wp:attachment":[{"href":"https:\/\/www.oparanews.com.br\/index.php\/wp-json\/wp\/v2\/media?parent=8374"}],"wp:term":[{"taxonomy":"category","embeddable":true,"href":"https:\/\/www.oparanews.com.br\/index.php\/wp-json\/wp\/v2\/categories?post=8374"},{"taxonomy":"post_tag","embeddable":true,"href":"https:\/\/www.oparanews.com.br\/index.php\/wp-json\/wp\/v2\/tags?post=8374"}],"curies":[{"name":"wp","href":"https:\/\/api.w.org\/{rel}","templated":true}]}}