{"id":8377,"date":"2020-07-30T19:00:21","date_gmt":"2020-07-30T19:00:21","guid":{"rendered":"https:\/\/oparanews.com.br\/?p=8377"},"modified":"2020-07-30T19:00:21","modified_gmt":"2020-07-30T19:00:21","slug":"bombeiros-resgatam-jacare-em-corrego-em-palmeira-dos-indios","status":"publish","type":"post","link":"https:\/\/www.oparanews.com.br\/index.php\/2020\/07\/30\/bombeiros-resgatam-jacare-em-corrego-em-palmeira-dos-indios\/","title":{"rendered":"Bombeiros resgatam jacar\u00e9 em c\u00f3rrego em Palmeira dos \u00cdndios"},"content":{"rendered":"<p>O Corpo de Bombeiros resgatou um jacar\u00e9 na manh\u00e3 desta quinta-feira (30) em Palmeira dos \u00cdndios, no Agreste de Alagoas.<\/p>\n<p>De acordo com os bombeiros, o animal estava em um c\u00f3rrego, na Rua Clarindo Amorim. Uma moradora da regi\u00e3o o encontrou o e acionou a corpora\u00e7\u00e3o.<\/p>\n<p>O animal resgatado estava sem ferimentos e est\u00e1vel. Um objeto foi usado para conter o jacar\u00e9 e evitar acidentes. O jacar\u00e9 foi levado para a sede dos bombeiros em Palmeira dos \u00cdndios enquanto a Pol\u00edcia Ambiental chega para solt\u00e1-lo em seu habitat natural.<\/p>\n<p>&nbsp;<\/p>\n<p><strong>Fonte: G1\/AL<\/strong><\/p>\n<p>&nbsp;<\/p>\n","protected":false},"excerpt":{"rendered":"<p>O Corpo de Bombeiros resgatou um jacar\u00e9 na manh\u00e3 desta quinta-feira (30) em Palmeira dos \u00cdndios, no Agreste de Alagoas. De acordo com os bombeiros, o animal estava em um c\u00f3rrego, na Rua Clarindo Amorim. Uma moradora da regi\u00e3o o encontrou o e acionou a corpora\u00e7\u00e3o. O animal resgatado estava sem ferimentos e est\u00e1vel. Um &hellip;<\/p>\n","protected":false},"author":1,"featured_media":8378,"comment_status":"open","ping_status":"open","sticky":false,"template":"","format":"standard","meta":{"_jetpack_newsletter_access":"","_jetpack_dont_email_post_to_subs":false,"_jetpack_newsletter_tier_id":0,"_jetpack_memberships_contains_paywalled_content":false,"_jetpack_memberships_contains_paid_content":false,"footnotes":""},"categories":[1],"tags":[],"class_list":["post-8377","post","type-post","status-publish","format-standard","has-post-thumbnail","hentry","category-destaque"],"jetpack_sharing_enabled":true,"jetpack_featured_media_url":"","_links":{"self":[{"href":"https:\/\/www.oparanews.com.br\/index.php\/wp-json\/wp\/v2\/posts\/8377","targetHints":{"allow":["GET"]}}],"collection":[{"href":"https:\/\/www.oparanews.com.br\/index.php\/wp-json\/wp\/v2\/posts"}],"about":[{"href":"https:\/\/www.oparanews.com.br\/index.php\/wp-json\/wp\/v2\/types\/post"}],"author":[{"embeddable":true,"href":"https:\/\/www.oparanews.com.br\/index.php\/wp-json\/wp\/v2\/users\/1"}],"replies":[{"embeddable":true,"href":"https:\/\/www.oparanews.com.br\/index.php\/wp-json\/wp\/v2\/comments?post=8377"}],"version-history":[{"count":0,"href":"https:\/\/www.oparanews.com.br\/index.php\/wp-json\/wp\/v2\/posts\/8377\/revisions"}],"wp:attachment":[{"href":"https:\/\/www.oparanews.com.br\/index.php\/wp-json\/wp\/v2\/media?parent=8377"}],"wp:term":[{"taxonomy":"category","embeddable":true,"href":"https:\/\/www.oparanews.com.br\/index.php\/wp-json\/wp\/v2\/categories?post=8377"},{"taxonomy":"post_tag","embeddable":true,"href":"https:\/\/www.oparanews.com.br\/index.php\/wp-json\/wp\/v2\/tags?post=8377"}],"curies":[{"name":"wp","href":"https:\/\/api.w.org\/{rel}","templated":true}]}}