{"id":8380,"date":"2020-07-31T00:30:54","date_gmt":"2020-07-31T00:30:54","guid":{"rendered":"https:\/\/oparanews.com.br\/?p=8380"},"modified":"2020-07-31T00:30:54","modified_gmt":"2020-07-31T00:30:54","slug":"boletim-epidemiologico-informa-860-casos-confirmados-de-covid-19-em-penedo","status":"publish","type":"post","link":"https:\/\/www.oparanews.com.br\/index.php\/2020\/07\/31\/boletim-epidemiologico-informa-860-casos-confirmados-de-covid-19-em-penedo\/","title":{"rendered":"Boletim epidemiol\u00f3gico informa 860 casos confirmados de Covid-19 em Penedo"},"content":{"rendered":"<p>A atualiza\u00e7\u00e3o de dados relacionados com a pandemia do novo coronav\u00edrus registra 860 casos confirmados de Covid-19 em Penedo.<\/p>\n<p><a href=\"https:\/\/oparanews.com.br\/wp-content\/uploads\/2020\/07\/Sem-t\u00edtulo-217.jpg\"><img loading=\"lazy\" decoding=\"async\" class=\"alignleft size-medium wp-image-8381\" src=\"https:\/\/oparanews.com.br\/wp-content\/uploads\/2020\/07\/Sem-t\u00edtulo-217-273x300.jpg\" alt=\"\" width=\"273\" height=\"300\" \/><\/a>O n\u00famero foi divulgado nesta quinta-feira, 30 de julho, no boletim epidemiol\u00f3gico da Secretaria Municipal de Sa\u00fade (SEMS). O levantamento aponta ainda 798 pessoas j\u00e1 recuperadas da doen\u00e7a no munic\u00edpio.<\/p>\n<p>Al\u00e9m desses dois t\u00f3picos, a SEMS Penedo informa que 121 casos s\u00e3o monitorados, 903 j\u00e1 est\u00e3o descartados, dois s\u00e3o suspeitos e os dez \u00f3bitos ocorridos no munic\u00edpio at\u00e9 hoje.<\/p>\n<p>No caso das localidades com maior concentra\u00e7\u00e3o de casos confirmados de Covid-19, o bairro Dom Constantino se aproxima dos 250 registros, com 249 at\u00e9 esta quinta-feira, 30.<\/p>\n<p>No bairro Santa Luzia foram registrados 169, e no Centro da cidade 122 casos.<\/p>\n<p>O bairro Raimundo Marinho se aproxima dos 100 casos, com 91 j\u00e1 registrados. No Senhor do Bonfim s\u00e3o 63 e no bairro Santo Ant\u00f4nio 55.<\/p>\n<p>Confira os dados completos no quadro abaixo:<\/p>\n<p><a href=\"https:\/\/oparanews.com.br\/wp-content\/uploads\/2020\/07\/Sem-t\u00edtulo-219.jpg\"><img loading=\"lazy\" decoding=\"async\" class=\"aligncenter size-full wp-image-8383\" src=\"https:\/\/oparanews.com.br\/wp-content\/uploads\/2020\/07\/Sem-t\u00edtulo-219.jpg\" alt=\"\" width=\"931\" height=\"1024\" \/><\/a><\/p>\n<p><strong>por Fernando Vin\u00edcius \u2013 Decom PMP<\/strong><\/p>\n<p>&nbsp;<\/p>\n","protected":false},"excerpt":{"rendered":"<p>A atualiza\u00e7\u00e3o de dados relacionados com a pandemia do novo coronav\u00edrus registra 860 casos confirmados de Covid-19 em Penedo. O n\u00famero foi divulgado nesta quinta-feira, 30 de julho, no boletim epidemiol\u00f3gico da Secretaria Municipal de Sa\u00fade (SEMS). O levantamento aponta ainda 798 pessoas j\u00e1 recuperadas da doen\u00e7a no munic\u00edpio. Al\u00e9m desses dois t\u00f3picos, a SEMS &hellip;<\/p>\n","protected":false},"author":1,"featured_media":8382,"comment_status":"open","ping_status":"open","sticky":false,"template":"","format":"standard","meta":{"_jetpack_newsletter_access":"","_jetpack_dont_email_post_to_subs":false,"_jetpack_newsletter_tier_id":0,"_jetpack_memberships_contains_paywalled_content":false,"_jetpack_memberships_contains_paid_content":false,"footnotes":""},"categories":[1],"tags":[],"class_list":["post-8380","post","type-post","status-publish","format-standard","has-post-thumbnail","hentry","category-destaque"],"jetpack_sharing_enabled":true,"jetpack_featured_media_url":"","_links":{"self":[{"href":"https:\/\/www.oparanews.com.br\/index.php\/wp-json\/wp\/v2\/posts\/8380","targetHints":{"allow":["GET"]}}],"collection":[{"href":"https:\/\/www.oparanews.com.br\/index.php\/wp-json\/wp\/v2\/posts"}],"about":[{"href":"https:\/\/www.oparanews.com.br\/index.php\/wp-json\/wp\/v2\/types\/post"}],"author":[{"embeddable":true,"href":"https:\/\/www.oparanews.com.br\/index.php\/wp-json\/wp\/v2\/users\/1"}],"replies":[{"embeddable":true,"href":"https:\/\/www.oparanews.com.br\/index.php\/wp-json\/wp\/v2\/comments?post=8380"}],"version-history":[{"count":0,"href":"https:\/\/www.oparanews.com.br\/index.php\/wp-json\/wp\/v2\/posts\/8380\/revisions"}],"wp:attachment":[{"href":"https:\/\/www.oparanews.com.br\/index.php\/wp-json\/wp\/v2\/media?parent=8380"}],"wp:term":[{"taxonomy":"category","embeddable":true,"href":"https:\/\/www.oparanews.com.br\/index.php\/wp-json\/wp\/v2\/categories?post=8380"},{"taxonomy":"post_tag","embeddable":true,"href":"https:\/\/www.oparanews.com.br\/index.php\/wp-json\/wp\/v2\/tags?post=8380"}],"curies":[{"name":"wp","href":"https:\/\/api.w.org\/{rel}","templated":true}]}}