{"id":8386,"date":"2020-07-31T00:35:40","date_gmt":"2020-07-31T00:35:40","guid":{"rendered":"https:\/\/oparanews.com.br\/?p=8386"},"modified":"2020-07-31T00:35:40","modified_gmt":"2020-07-31T00:35:40","slug":"populacao-de-penedo-vai-ganhar-investimentos-em-saude-publica","status":"publish","type":"post","link":"https:\/\/www.oparanews.com.br\/index.php\/2020\/07\/31\/populacao-de-penedo-vai-ganhar-investimentos-em-saude-publica\/","title":{"rendered":"Popula\u00e7\u00e3o de Penedo vai ganhar investimentos em sa\u00fade p\u00fablica"},"content":{"rendered":"<p>Duas obras que estavam paralisadas em Penedo por abandono da empresa vencedora na licita\u00e7\u00e3o dos investimentos em sa\u00fade p\u00fablica foram reiniciadas esta semana.<\/p>\n<p>As novas ordens de servi\u00e7o foram assinadas nos pr\u00f3prios locais dos trabalhos durante visita do Prefeito Marcius Beltr\u00e3o, do Vice-Prefeito Ronaldo Lopes e do Secret\u00e1rio Municipal de Sa\u00fade Marcos Beltr\u00e3o, acompanhados por vereadores penedenses.<\/p>\n<p>O fim dos transtornos causado pelas construtoras que deixaram obras inacabadas, causando enorme preju\u00edzo \u00e0 popula\u00e7\u00e3o penedense.<\/p>\n<p>\u201cEsta \u00e9 uma obra que vai atender toda essa regi\u00e3o do Conjunto S\u00e3o Jos\u00e9 e adjac\u00eancias para tratar ainda melhor a sa\u00fade de nosso povo\u201d, destaca o Prefeito Marcius Beltr\u00e3o na Unidade B\u00e1sica de Sa\u00fade Ant\u00f4nia Leite, ap\u00f3s informar que as pend\u00eancias foram resolvidas.<\/p>\n<p>\u201cPor problemas com a empresa construtora que abandonou a obra, n\u00f3s tivemos que rescindir o contrato\u201d, acrescenta Ronaldo Lopes sobre a medida necess\u00e1ria para a conclus\u00e3o do investimento, o que implica em atender toda a burocracia exigida no servi\u00e7o p\u00fablico para corrigir esse tipo de situa\u00e7\u00e3o.<\/p>\n<p>Al\u00e9m de anunciar a retomada das obras, Marcius Beltr\u00e3o informa que a nova Unidade B\u00e1sica de Sa\u00fade ser\u00e1 inaugurada em 30 dias.<\/p>\n<p>Acompanhados pelos vereadores Marcelo Pereira, J\u00fanior do T\u00f3, Macaxeira Enfermeiro e Ernande Pinheiro, os gestores da Prefeitura de Penedo se dirigiram at\u00e9 o conjunto residencial Mata Atl\u00e2ntica 1, onde a Academia de Sa\u00fade da comunidade tamb\u00e9m ser\u00e1 conclu\u00edda.<\/p>\n<p>\u201cIsso muito me orgulha porque me lembro muito bem, em 2005, quando compramos essa grande \u00e1rea, uma fazenda vizinha da cidade de Penedo, e sonhamos com um dos maiores conjuntos habitacionais do munic\u00edpio. Isso se concretizou e estamos trazendo servi\u00e7os essenciais\u201d, comenta o Prefeito de Penedo sobre a concretiza\u00e7\u00e3o de mais um avan\u00e7o de viabilizado em seu governo.<\/p>\n<p>&nbsp;<\/p>\n<p><strong>por Fernando Vin\u00edcius \u2013 Decom PMP<\/strong><\/p>\n<p>&nbsp;<\/p>\n","protected":false},"excerpt":{"rendered":"<p>Duas obras que estavam paralisadas em Penedo por abandono da empresa vencedora na licita\u00e7\u00e3o dos investimentos em sa\u00fade p\u00fablica foram reiniciadas esta semana. As novas ordens de servi\u00e7o foram assinadas nos pr\u00f3prios locais dos trabalhos durante visita do Prefeito Marcius Beltr\u00e3o, do Vice-Prefeito Ronaldo Lopes e do Secret\u00e1rio Municipal de Sa\u00fade Marcos Beltr\u00e3o, acompanhados por &hellip;<\/p>\n","protected":false},"author":1,"featured_media":8387,"comment_status":"open","ping_status":"open","sticky":false,"template":"","format":"standard","meta":{"_jetpack_newsletter_access":"","_jetpack_dont_email_post_to_subs":false,"_jetpack_newsletter_tier_id":0,"_jetpack_memberships_contains_paywalled_content":false,"_jetpack_memberships_contains_paid_content":false,"footnotes":""},"categories":[1],"tags":[],"class_list":["post-8386","post","type-post","status-publish","format-standard","has-post-thumbnail","hentry","category-destaque"],"jetpack_sharing_enabled":true,"jetpack_featured_media_url":"","_links":{"self":[{"href":"https:\/\/www.oparanews.com.br\/index.php\/wp-json\/wp\/v2\/posts\/8386","targetHints":{"allow":["GET"]}}],"collection":[{"href":"https:\/\/www.oparanews.com.br\/index.php\/wp-json\/wp\/v2\/posts"}],"about":[{"href":"https:\/\/www.oparanews.com.br\/index.php\/wp-json\/wp\/v2\/types\/post"}],"author":[{"embeddable":true,"href":"https:\/\/www.oparanews.com.br\/index.php\/wp-json\/wp\/v2\/users\/1"}],"replies":[{"embeddable":true,"href":"https:\/\/www.oparanews.com.br\/index.php\/wp-json\/wp\/v2\/comments?post=8386"}],"version-history":[{"count":0,"href":"https:\/\/www.oparanews.com.br\/index.php\/wp-json\/wp\/v2\/posts\/8386\/revisions"}],"wp:attachment":[{"href":"https:\/\/www.oparanews.com.br\/index.php\/wp-json\/wp\/v2\/media?parent=8386"}],"wp:term":[{"taxonomy":"category","embeddable":true,"href":"https:\/\/www.oparanews.com.br\/index.php\/wp-json\/wp\/v2\/categories?post=8386"},{"taxonomy":"post_tag","embeddable":true,"href":"https:\/\/www.oparanews.com.br\/index.php\/wp-json\/wp\/v2\/tags?post=8386"}],"curies":[{"name":"wp","href":"https:\/\/api.w.org\/{rel}","templated":true}]}}