{"id":8392,"date":"2020-07-31T00:42:28","date_gmt":"2020-07-31T00:42:28","guid":{"rendered":"https:\/\/oparanews.com.br\/?p=8392"},"modified":"2020-07-31T00:42:28","modified_gmt":"2020-07-31T00:42:28","slug":"michelle-bolsonaro-testa-positivo-para-covid-19-diz-governo","status":"publish","type":"post","link":"https:\/\/www.oparanews.com.br\/index.php\/2020\/07\/31\/michelle-bolsonaro-testa-positivo-para-covid-19-diz-governo\/","title":{"rendered":"Michelle Bolsonaro testa positivo para covid-19, diz governo"},"content":{"rendered":"<p>A primeira-dama Michelle Bolsonaro contraiu o novo coronav\u00edrus (Sars-CoV-2), informou nesta quinta-feira (30) a Secretaria de Comunica\u00e7\u00e3o da Presid\u00eancia da Rep\u00fablica.<\/p>\n<p>Na nota, o governo informa que &#8220;ela apresenta bom estado de sa\u00fade&#8221; e que &#8220;seguir\u00e1 todos os protocolos estabelecidos&#8221;. &#8220;A primeira-dama est\u00e1 sendo acompanhada pela equipe m\u00e9dica da Presid\u00eancia da Rep\u00fablica&#8221;, acrescenta a Secretaria.<\/p>\n<p>Ela est\u00e1 isolada na resid\u00eancia oficial no Pal\u00e1cio da Alvorada.<\/p>\n<p>O an\u00fancio do teste positivo vem cinco dias ap\u00f3s o presidente Jair Bolsonaro informar que havia testado negativo para a Covid-19 ap\u00f3s cerca de tr\u00eas semanas com a doen\u00e7a. Tamb\u00e9m nesta quinta, o ministro da Ci\u00eancia, Tecnologia e Inova\u00e7\u00f5es, Marcos Pontes, informou que est\u00e1 em isolamento porque contraiu o novo coronav\u00edrus. Ele \u00e9 o quinto ministro a ter a doen\u00e7a.<\/p>\n<p>Nesta quarta-feira (29), Michelle havia participado de um evento com o mandat\u00e1rio e as ministras da Agricultura, Tereza Cristina, e da Mulher, Fam\u00edlia e Direitos Humanos, Damares Alves, em Bras\u00edlia.<\/p>\n<p>&nbsp;<\/p>\n<p><strong>Fonte: Terra<\/strong><\/p>\n<p>&nbsp;<\/p>\n","protected":false},"excerpt":{"rendered":"<p>A primeira-dama Michelle Bolsonaro contraiu o novo coronav\u00edrus (Sars-CoV-2), informou nesta quinta-feira (30) a Secretaria de Comunica\u00e7\u00e3o da Presid\u00eancia da Rep\u00fablica. Na nota, o governo informa que &#8220;ela apresenta bom estado de sa\u00fade&#8221; e que &#8220;seguir\u00e1 todos os protocolos estabelecidos&#8221;. &#8220;A primeira-dama est\u00e1 sendo acompanhada pela equipe m\u00e9dica da Presid\u00eancia da Rep\u00fablica&#8221;, acrescenta a Secretaria. &hellip;<\/p>\n","protected":false},"author":1,"featured_media":8393,"comment_status":"open","ping_status":"open","sticky":false,"template":"","format":"standard","meta":{"_jetpack_newsletter_access":"","_jetpack_dont_email_post_to_subs":false,"_jetpack_newsletter_tier_id":0,"_jetpack_memberships_contains_paywalled_content":false,"_jetpack_memberships_contains_paid_content":false,"footnotes":""},"categories":[1],"tags":[],"class_list":["post-8392","post","type-post","status-publish","format-standard","has-post-thumbnail","hentry","category-destaque"],"jetpack_sharing_enabled":true,"jetpack_featured_media_url":"","_links":{"self":[{"href":"https:\/\/www.oparanews.com.br\/index.php\/wp-json\/wp\/v2\/posts\/8392","targetHints":{"allow":["GET"]}}],"collection":[{"href":"https:\/\/www.oparanews.com.br\/index.php\/wp-json\/wp\/v2\/posts"}],"about":[{"href":"https:\/\/www.oparanews.com.br\/index.php\/wp-json\/wp\/v2\/types\/post"}],"author":[{"embeddable":true,"href":"https:\/\/www.oparanews.com.br\/index.php\/wp-json\/wp\/v2\/users\/1"}],"replies":[{"embeddable":true,"href":"https:\/\/www.oparanews.com.br\/index.php\/wp-json\/wp\/v2\/comments?post=8392"}],"version-history":[{"count":0,"href":"https:\/\/www.oparanews.com.br\/index.php\/wp-json\/wp\/v2\/posts\/8392\/revisions"}],"wp:attachment":[{"href":"https:\/\/www.oparanews.com.br\/index.php\/wp-json\/wp\/v2\/media?parent=8392"}],"wp:term":[{"taxonomy":"category","embeddable":true,"href":"https:\/\/www.oparanews.com.br\/index.php\/wp-json\/wp\/v2\/categories?post=8392"},{"taxonomy":"post_tag","embeddable":true,"href":"https:\/\/www.oparanews.com.br\/index.php\/wp-json\/wp\/v2\/tags?post=8392"}],"curies":[{"name":"wp","href":"https:\/\/api.w.org\/{rel}","templated":true}]}}