{"id":8395,"date":"2020-07-31T00:44:33","date_gmt":"2020-07-31T00:44:33","guid":{"rendered":"https:\/\/oparanews.com.br\/?p=8395"},"modified":"2020-07-31T00:44:33","modified_gmt":"2020-07-31T00:44:33","slug":"bolsonaro-diz-ter-mofo-no-pulmao-apos-superar-covid-19","status":"publish","type":"post","link":"https:\/\/www.oparanews.com.br\/index.php\/2020\/07\/31\/bolsonaro-diz-ter-mofo-no-pulmao-apos-superar-covid-19\/","title":{"rendered":"Bolsonaro diz ter &#8220;mofo no pulm\u00e3o&#8221; ap\u00f3s superar covid-19"},"content":{"rendered":"<p>O presidente Jair Bolsonaro afirmou nesta quinta-feira que est\u00e1 tomando antibi\u00f3tico em decorr\u00eancia de uma infec\u00e7\u00e3o a que est\u00e1 acometido ap\u00f3s, segundo ele, passar 20 dias em isolamento em decorr\u00eancia da Covid-19 e estar com &#8220;mofo no pulm\u00e3o&#8221;.<\/p>\n<p>&#8220;Acabei de fazer um exame de sangue, n\u00e9, estava com um pouco de fraqueza ontem, acharam at\u00e9 um pouco de infec\u00e7\u00e3o tamb\u00e9m. Estou agora no antibi\u00f3tico, deve ser&#8230; agora depois de 20 dias dentro de casa, a gente pega outros problemas. Eu peguei mofo, mofo no pulm\u00e3o&#8221;, disse Bolsonaro em transmiss\u00e3o ao vivo pelas redes sociais.<\/p>\n<p>Na transmiss\u00e3o, Bolsonaro n\u00e3o deu detalhes sobre o tipo de infec\u00e7\u00e3o e disse que vai cumprir agenda de viagem na sexta-feira a Bag\u00e9, no Rio Grande do Sul.<\/p>\n<p>O presidente garantiu que est\u00e1 curado da Covid-19, ap\u00f3s ter afirmado no fim de semana que teve teste negativo para a doen\u00e7a. Ele havia anunciado em 7 de julho que teve teste positivo para o novo coronav\u00edrus.<\/p>\n<p>Nesta quinta-feira pela manh\u00e3, o presidente teve a sua primeira agenda oficial de viagens desde ent\u00e3o, visitando munic\u00edpios no Piau\u00ed e na Bahia.<\/p>\n<p>&nbsp;<\/p>\n<p><strong>Fonte: Terra<\/strong><\/p>\n<p>&nbsp;<\/p>\n","protected":false},"excerpt":{"rendered":"<p>O presidente Jair Bolsonaro afirmou nesta quinta-feira que est\u00e1 tomando antibi\u00f3tico em decorr\u00eancia de uma infec\u00e7\u00e3o a que est\u00e1 acometido ap\u00f3s, segundo ele, passar 20 dias em isolamento em decorr\u00eancia da Covid-19 e estar com &#8220;mofo no pulm\u00e3o&#8221;. &#8220;Acabei de fazer um exame de sangue, n\u00e9, estava com um pouco de fraqueza ontem, acharam at\u00e9 &hellip;<\/p>\n","protected":false},"author":1,"featured_media":8396,"comment_status":"open","ping_status":"open","sticky":false,"template":"","format":"standard","meta":{"_jetpack_newsletter_access":"","_jetpack_dont_email_post_to_subs":false,"_jetpack_newsletter_tier_id":0,"_jetpack_memberships_contains_paywalled_content":false,"_jetpack_memberships_contains_paid_content":false,"footnotes":""},"categories":[1],"tags":[],"class_list":["post-8395","post","type-post","status-publish","format-standard","has-post-thumbnail","hentry","category-destaque"],"jetpack_sharing_enabled":true,"jetpack_featured_media_url":"","_links":{"self":[{"href":"https:\/\/www.oparanews.com.br\/index.php\/wp-json\/wp\/v2\/posts\/8395","targetHints":{"allow":["GET"]}}],"collection":[{"href":"https:\/\/www.oparanews.com.br\/index.php\/wp-json\/wp\/v2\/posts"}],"about":[{"href":"https:\/\/www.oparanews.com.br\/index.php\/wp-json\/wp\/v2\/types\/post"}],"author":[{"embeddable":true,"href":"https:\/\/www.oparanews.com.br\/index.php\/wp-json\/wp\/v2\/users\/1"}],"replies":[{"embeddable":true,"href":"https:\/\/www.oparanews.com.br\/index.php\/wp-json\/wp\/v2\/comments?post=8395"}],"version-history":[{"count":0,"href":"https:\/\/www.oparanews.com.br\/index.php\/wp-json\/wp\/v2\/posts\/8395\/revisions"}],"wp:attachment":[{"href":"https:\/\/www.oparanews.com.br\/index.php\/wp-json\/wp\/v2\/media?parent=8395"}],"wp:term":[{"taxonomy":"category","embeddable":true,"href":"https:\/\/www.oparanews.com.br\/index.php\/wp-json\/wp\/v2\/categories?post=8395"},{"taxonomy":"post_tag","embeddable":true,"href":"https:\/\/www.oparanews.com.br\/index.php\/wp-json\/wp\/v2\/tags?post=8395"}],"curies":[{"name":"wp","href":"https:\/\/api.w.org\/{rel}","templated":true}]}}