{"id":8398,"date":"2020-07-31T23:39:18","date_gmt":"2020-07-31T23:39:18","guid":{"rendered":"https:\/\/oparanews.com.br\/?p=8398"},"modified":"2020-07-31T23:39:18","modified_gmt":"2020-07-31T23:39:18","slug":"alagoas-tem-59-725-casos-e-1-567-mortes-por-covid-19","status":"publish","type":"post","link":"https:\/\/www.oparanews.com.br\/index.php\/2020\/07\/31\/alagoas-tem-59-725-casos-e-1-567-mortes-por-covid-19\/","title":{"rendered":"Alagoas tem 59.725 casos e 1.567 mortes por Covid-19"},"content":{"rendered":"<p>Alagoas registrou 13 mortes por Covid-19 nas \u00faltimas 24 horas. O n\u00famero total de \u00f3bitos subiu para 1.567 e de casos confirmados foi para 59.725, de com o boletim epidemiol\u00f3gico desta sexta-feira (31) da Secretaria de Estado da Sa\u00fade (Sesau).<\/p>\n<p>Dos pacientes que foram infectados pelo v\u00edrus, 51.757 est\u00e3o recuperados. H\u00e1 1.110 casos em investiga\u00e7\u00e3o laboratorial.<\/p>\n<p>Desde o in\u00edcio da pandemia, 119.140 testes para Covid-19 foram feitos em Alagoas.<\/p>\n<p>Das 13 mortes, quatro foram de pacientes que moravam em Macei\u00f3 e nove de pessoas que residiam em munic\u00edpios do interior.<\/p>\n<p>13 mortes<\/p>\n<p>Macei\u00f3: Homem, 63 anos \u2013 sem comorbidades<br \/>\nMacei\u00f3: Homem, 67 anos \u2013 sem comorbidades<br \/>\nMacei\u00f3: Homem, 83 anos \u2013 doen\u00e7a cardiovascular<br \/>\nMacei\u00f3: Homem, 61 anos \u2013 hipertenso<br \/>\nBarra de Santo Ant\u00f4nio: Homem, 78 anos \u2013 diab\u00e9tico<br \/>\nCampo Grande: Homem, 81 anos \u2013 doen\u00e7a respirat\u00f3ria cr\u00f4nica<br \/>\nRio Largo: Homem, 63 anos \u2013 sem comorbidades<br \/>\nMarechal Deodoro: Homem, 72 anos \u2013 hipertenso<br \/>\nArapiraca: Mulher, 78 anos \u2013 sem comorbidades<br \/>\nArapiraca: Mulher, 46 anos \u2013 diab\u00e9tica<br \/>\nS\u00e3o Sebasti\u00e3o: Mulher, 74 anos \u2013 diab\u00e9tica<br \/>\nMaravilha: Mulher, 75 anos \u2013 diab\u00e9tica<br \/>\nCampo Grande: Mulher, 65 anos \u2013 diab\u00e9tica<\/p>\n<p>Ocupa\u00e7\u00e3o de leitos<\/p>\n<p>A taxa de ocupa\u00e7\u00e3o de leitos exclusivos para Covid-19 era de 33% as 17h desta quinta e a de leitos de UTI era de 56%.<\/p>\n<p>A ocupa\u00e7\u00e3o de leitos de UTI em Macei\u00f3 era de 56% e a do interior, de 58%.<\/p>\n<p>&nbsp;<\/p>\n<p><strong>Fonte: G1\/AL<\/strong><\/p>\n<p>&nbsp;<\/p>\n","protected":false},"excerpt":{"rendered":"<p>Alagoas registrou 13 mortes por Covid-19 nas \u00faltimas 24 horas. O n\u00famero total de \u00f3bitos subiu para 1.567 e de casos confirmados foi para 59.725, de com o boletim epidemiol\u00f3gico desta sexta-feira (31) da Secretaria de Estado da Sa\u00fade (Sesau). Dos pacientes que foram infectados pelo v\u00edrus, 51.757 est\u00e3o recuperados. H\u00e1 1.110 casos em investiga\u00e7\u00e3o &hellip;<\/p>\n","protected":false},"author":1,"featured_media":5814,"comment_status":"open","ping_status":"open","sticky":false,"template":"","format":"standard","meta":{"_jetpack_newsletter_access":"","_jetpack_dont_email_post_to_subs":false,"_jetpack_newsletter_tier_id":0,"_jetpack_memberships_contains_paywalled_content":false,"_jetpack_memberships_contains_paid_content":false,"footnotes":""},"categories":[1],"tags":[],"class_list":["post-8398","post","type-post","status-publish","format-standard","has-post-thumbnail","hentry","category-destaque"],"jetpack_sharing_enabled":true,"jetpack_featured_media_url":"","_links":{"self":[{"href":"https:\/\/www.oparanews.com.br\/index.php\/wp-json\/wp\/v2\/posts\/8398","targetHints":{"allow":["GET"]}}],"collection":[{"href":"https:\/\/www.oparanews.com.br\/index.php\/wp-json\/wp\/v2\/posts"}],"about":[{"href":"https:\/\/www.oparanews.com.br\/index.php\/wp-json\/wp\/v2\/types\/post"}],"author":[{"embeddable":true,"href":"https:\/\/www.oparanews.com.br\/index.php\/wp-json\/wp\/v2\/users\/1"}],"replies":[{"embeddable":true,"href":"https:\/\/www.oparanews.com.br\/index.php\/wp-json\/wp\/v2\/comments?post=8398"}],"version-history":[{"count":0,"href":"https:\/\/www.oparanews.com.br\/index.php\/wp-json\/wp\/v2\/posts\/8398\/revisions"}],"wp:attachment":[{"href":"https:\/\/www.oparanews.com.br\/index.php\/wp-json\/wp\/v2\/media?parent=8398"}],"wp:term":[{"taxonomy":"category","embeddable":true,"href":"https:\/\/www.oparanews.com.br\/index.php\/wp-json\/wp\/v2\/categories?post=8398"},{"taxonomy":"post_tag","embeddable":true,"href":"https:\/\/www.oparanews.com.br\/index.php\/wp-json\/wp\/v2\/tags?post=8398"}],"curies":[{"name":"wp","href":"https:\/\/api.w.org\/{rel}","templated":true}]}}