{"id":8400,"date":"2020-07-31T23:43:16","date_gmt":"2020-07-31T23:43:16","guid":{"rendered":"https:\/\/oparanews.com.br\/?p=8400"},"modified":"2020-07-31T23:43:16","modified_gmt":"2020-07-31T23:43:16","slug":"arquidiocese-de-maceio-anuncia-que-igrejas-vao-reabrir-no-dia-15-de-agosto","status":"publish","type":"post","link":"https:\/\/www.oparanews.com.br\/index.php\/2020\/07\/31\/arquidiocese-de-maceio-anuncia-que-igrejas-vao-reabrir-no-dia-15-de-agosto\/","title":{"rendered":"Arquidiocese de Macei\u00f3 anuncia que igrejas v\u00e3o reabrir no dia 15 de agosto"},"content":{"rendered":"<p>O arcebispo metropolitano de Macei\u00f3, Dom Ant\u00f4nio Muniz Fernandes, anunciou na tarde desta sexta-feira (31), durante a transmiss\u00e3o da missa pela internet, que as igrejas da Arquidiocese de Macei\u00f3 v\u00e3o reabrir no dia 15 de agosto. A data foi definida depois de estudos realizados por uma comiss\u00e3o de m\u00e9dicos, padres e religiosos.<\/p>\n<p>Clique aqui e confira toda as orienta\u00e7\u00f5es para a reabertura das igrejas<\/p>\n<p>A orienta\u00e7\u00e3o da Arquidiocese \u00e9 para que pessoas que fazem parte do grupo de risco da Covid-19 continuem acompanhando as celebra\u00e7\u00f5es somente pela internet, sem ir \u00e0 igreja.<\/p>\n<p>\u201cA pandemia causada pelo novo coronav\u00edrus, nos ensinou em meio a tantas afli\u00e7\u00f5es, novas dire\u00e7\u00f5es para construir um mundo melhor e semear esperan\u00e7a. Nos diz para ter uma atitude inclusiva juntos aos necessitados e aos sofrimentos das pessoas em suas mais variadas situa\u00e7\u00f5es locais. De um modo muito pessoal, abrir as portas da igrejas \u00e9 f\u00e1cil, contudo \u00e9 preciso aprender um novo estilo de vida e combater assim, o v\u00edrus do ego\u00edsmo e dos interesses privados; e para isso, a Igreja se faz presente como m\u00e3e, mestra e educadora\u201d, disse Dom Ant\u00f4nio Muniz.<\/p>\n<p>O protocolo sanit\u00e1rio que deve ser seguido pelas par\u00f3quias foi apresentados aos padres na \u00faltima quarta-feira (29).<\/p>\n<p>A Arquidiocese de Macei\u00f3 \u00e9 respons\u00e1vel por 102 par\u00f3quias distribu\u00eddas entre a capital e outras 29 cidades. Al\u00e9m da arquidiocese da capital, Alagoas tem as Dioceses de Palmeira dos \u00cdndios e de Penedo.<\/p>\n<p>&nbsp;<\/p>\n<p><strong>Fonte: G1\/AL<\/strong><\/p>\n<p>&nbsp;<\/p>\n","protected":false},"excerpt":{"rendered":"<p>O arcebispo metropolitano de Macei\u00f3, Dom Ant\u00f4nio Muniz Fernandes, anunciou na tarde desta sexta-feira (31), durante a transmiss\u00e3o da missa pela internet, que as igrejas da Arquidiocese de Macei\u00f3 v\u00e3o reabrir no dia 15 de agosto. A data foi definida depois de estudos realizados por uma comiss\u00e3o de m\u00e9dicos, padres e religiosos. Clique aqui e &hellip;<\/p>\n","protected":false},"author":1,"featured_media":8401,"comment_status":"open","ping_status":"open","sticky":false,"template":"","format":"standard","meta":{"_jetpack_newsletter_access":"","_jetpack_dont_email_post_to_subs":false,"_jetpack_newsletter_tier_id":0,"_jetpack_memberships_contains_paywalled_content":false,"_jetpack_memberships_contains_paid_content":false,"footnotes":""},"categories":[1],"tags":[],"class_list":["post-8400","post","type-post","status-publish","format-standard","has-post-thumbnail","hentry","category-destaque"],"jetpack_sharing_enabled":true,"jetpack_featured_media_url":"","_links":{"self":[{"href":"https:\/\/www.oparanews.com.br\/index.php\/wp-json\/wp\/v2\/posts\/8400","targetHints":{"allow":["GET"]}}],"collection":[{"href":"https:\/\/www.oparanews.com.br\/index.php\/wp-json\/wp\/v2\/posts"}],"about":[{"href":"https:\/\/www.oparanews.com.br\/index.php\/wp-json\/wp\/v2\/types\/post"}],"author":[{"embeddable":true,"href":"https:\/\/www.oparanews.com.br\/index.php\/wp-json\/wp\/v2\/users\/1"}],"replies":[{"embeddable":true,"href":"https:\/\/www.oparanews.com.br\/index.php\/wp-json\/wp\/v2\/comments?post=8400"}],"version-history":[{"count":0,"href":"https:\/\/www.oparanews.com.br\/index.php\/wp-json\/wp\/v2\/posts\/8400\/revisions"}],"wp:attachment":[{"href":"https:\/\/www.oparanews.com.br\/index.php\/wp-json\/wp\/v2\/media?parent=8400"}],"wp:term":[{"taxonomy":"category","embeddable":true,"href":"https:\/\/www.oparanews.com.br\/index.php\/wp-json\/wp\/v2\/categories?post=8400"},{"taxonomy":"post_tag","embeddable":true,"href":"https:\/\/www.oparanews.com.br\/index.php\/wp-json\/wp\/v2\/tags?post=8400"}],"curies":[{"name":"wp","href":"https:\/\/api.w.org\/{rel}","templated":true}]}}