{"id":8417,"date":"2020-08-01T22:10:02","date_gmt":"2020-08-01T22:10:02","guid":{"rendered":"https:\/\/oparanews.com.br\/?p=8417"},"modified":"2020-08-01T22:10:02","modified_gmt":"2020-08-01T22:10:02","slug":"alagoas-registra-60-992-casos-e-1-581-mortes-por-covid-19","status":"publish","type":"post","link":"https:\/\/www.oparanews.com.br\/index.php\/2020\/08\/01\/alagoas-registra-60-992-casos-e-1-581-mortes-por-covid-19\/","title":{"rendered":"Alagoas registra 60.992 casos e 1.581 mortes por Covid-19"},"content":{"rendered":"<p>Alagoas chegou a marca de 60.992 casos da Covid-19. S\u00f3 nas \u00faltimas 24 horas, foram confirmados 1.267 novos casos da doen\u00e7a, segundo dados do boletim epidemiol\u00f3gico da Secretaria de Estado da Sa\u00fade (Sesau) deste s\u00e1bado (1\u00ba). Agora o Estado tem 1.581 mortes provocadas pela doen\u00e7a.<\/p>\n<p>Dos pacientes que foram infectados pelo v\u00edrus, 52.629 est\u00e3o recuperados e 6.523 est\u00e3o em isolamento domiciliar. H\u00e1 1.073 casos em investiga\u00e7\u00e3o laboratorial.<\/p>\n<p>Das 14 mortes, seis foram de pacientes que moravam em Macei\u00f3 e oito de pessoas que residiam em munic\u00edpios do interior.<\/p>\n<p>De acordo com a \u00faltima atualiza\u00e7\u00e3o do boletim de leitos exclusivos para Covid-19, feita \u00e0s 17h de sexta (31), a taxa de ocupa\u00e7\u00e3o das UTIs estava em 54%. Considerando tamb\u00e9m os leitos cl\u00ednicos e intermedi\u00e1rios, a taxa fica em 24%.<\/p>\n<p>Mais 14 mortes por Covid-19 em Alagoas<\/p>\n<p>Macei\u00f3: Mulher, 66 anos, sem comorbidade<br \/>\nMacei\u00f3: Mulher, 65 anos, doen\u00e7a cardiovascular<br \/>\nMacei\u00f3: Mulher, 90 anos, hipertensa<br \/>\nMacei\u00f3: Homem 73 anos, diab\u00e9tico<br \/>\nMacei\u00f3: Homem, 48 anos, sem comorbidade<br \/>\nMacei\u00f3: Homem: 33 anos, sem comorbidade<br \/>\nMarechal Deodoro: Homem, 33 anos, sem comorbidades<br \/>\nDelmiro Gouveia: Homem, 62 anos, doen\u00e7a cardiovascular<br \/>\nCajueiro: Homem, 82 anos, doen\u00e7a cardiovascular<br \/>\nUni\u00e3o dos Palmares: Homem, 56 anos, hipertenso<br \/>\nUni\u00e3o dos Palmares: Homem, 48 anos, sem comorbidade<br \/>\nAnadia: Mulher, 89 anos, hipertensa<br \/>\nBoca da Mata: Mulher, 70 anos, sem comorbidade<br \/>\nJoaquim Gomes: Mulher, 60 anos, sem comorbidade<\/p>\n<p>&nbsp;<\/p>\n<p><strong>Fonte: G1\/AL<\/strong><\/p>\n<p>&nbsp;<\/p>\n","protected":false},"excerpt":{"rendered":"<p>Alagoas chegou a marca de 60.992 casos da Covid-19. S\u00f3 nas \u00faltimas 24 horas, foram confirmados 1.267 novos casos da doen\u00e7a, segundo dados do boletim epidemiol\u00f3gico da Secretaria de Estado da Sa\u00fade (Sesau) deste s\u00e1bado (1\u00ba). Agora o Estado tem 1.581 mortes provocadas pela doen\u00e7a. Dos pacientes que foram infectados pelo v\u00edrus, 52.629 est\u00e3o recuperados &hellip;<\/p>\n","protected":false},"author":1,"featured_media":5363,"comment_status":"open","ping_status":"open","sticky":false,"template":"","format":"standard","meta":{"_jetpack_newsletter_access":"","_jetpack_dont_email_post_to_subs":false,"_jetpack_newsletter_tier_id":0,"_jetpack_memberships_contains_paywalled_content":false,"_jetpack_memberships_contains_paid_content":false,"footnotes":""},"categories":[1],"tags":[],"class_list":["post-8417","post","type-post","status-publish","format-standard","has-post-thumbnail","hentry","category-destaque"],"jetpack_sharing_enabled":true,"jetpack_featured_media_url":"","_links":{"self":[{"href":"https:\/\/www.oparanews.com.br\/index.php\/wp-json\/wp\/v2\/posts\/8417","targetHints":{"allow":["GET"]}}],"collection":[{"href":"https:\/\/www.oparanews.com.br\/index.php\/wp-json\/wp\/v2\/posts"}],"about":[{"href":"https:\/\/www.oparanews.com.br\/index.php\/wp-json\/wp\/v2\/types\/post"}],"author":[{"embeddable":true,"href":"https:\/\/www.oparanews.com.br\/index.php\/wp-json\/wp\/v2\/users\/1"}],"replies":[{"embeddable":true,"href":"https:\/\/www.oparanews.com.br\/index.php\/wp-json\/wp\/v2\/comments?post=8417"}],"version-history":[{"count":0,"href":"https:\/\/www.oparanews.com.br\/index.php\/wp-json\/wp\/v2\/posts\/8417\/revisions"}],"wp:attachment":[{"href":"https:\/\/www.oparanews.com.br\/index.php\/wp-json\/wp\/v2\/media?parent=8417"}],"wp:term":[{"taxonomy":"category","embeddable":true,"href":"https:\/\/www.oparanews.com.br\/index.php\/wp-json\/wp\/v2\/categories?post=8417"},{"taxonomy":"post_tag","embeddable":true,"href":"https:\/\/www.oparanews.com.br\/index.php\/wp-json\/wp\/v2\/tags?post=8417"}],"curies":[{"name":"wp","href":"https:\/\/api.w.org\/{rel}","templated":true}]}}