{"id":8431,"date":"2020-08-02T10:42:02","date_gmt":"2020-08-02T10:42:02","guid":{"rendered":"https:\/\/oparanews.com.br\/?p=8431"},"modified":"2020-08-02T10:42:02","modified_gmt":"2020-08-02T10:42:02","slug":"semed-penedo-promove-formacao-on-line-para-profissionais-da-educacao","status":"publish","type":"post","link":"https:\/\/www.oparanews.com.br\/index.php\/2020\/08\/02\/semed-penedo-promove-formacao-on-line-para-profissionais-da-educacao\/","title":{"rendered":"Semed Penedo promove forma\u00e7\u00e3o on-line para profissionais da educa\u00e7\u00e3o"},"content":{"rendered":"<p>A Secretaria Municipal de Educa\u00e7\u00e3o (Semed) de Penedo promove na pr\u00f3xima segunda-feira, 03 de agosto, a forma\u00e7\u00e3o \u201cProcesso Formativo Remoto de Professores\u201d, destinada a professores da rede p\u00fablica municipal, equipe gestora das escolas e t\u00e9cnicos da pasta.<\/p>\n<p>O objetivo da a\u00e7\u00e3o \u00e9 promover o aperfei\u00e7oamento profissional de todo corpo t\u00e9cnico da Semed Penedo, aprimorando conhecimentos e buscando a constru\u00e7\u00e3o de novos saberes essenciais ao fazer pedag\u00f3gico.<\/p>\n<p>A forma\u00e7\u00e3o ser\u00e1 ofertada para profissionais efetivos e contratados, ocorrendo por meio do Conisul- Consorcio Intermunicipal do Sul do Estado de Alagoas. Os participantes ter\u00e3o direito a certificado de participa\u00e7\u00e3o.<\/p>\n<p>As aulas on-line acontecer\u00e3o no canal do youtube da Ampliare Educacional, empresa voltada para a forma\u00e7\u00e3o dos profissionais de educa\u00e7\u00e3o .<\/p>\n<p>Est\u00e3o inscritos para participar 530 profissionais da educa\u00e7\u00e3o entre professores do ensino infantil, fundamental 1 e 2, t\u00e9cnicos, gestores, entre outros, inclusive pessoal das 23 escolas municipais e das 05 creches.<\/p>\n<p>Programa\u00e7\u00e3o:<\/p>\n<p>A programa\u00e7\u00e3o tem inicio as 10h com a forma\u00e7\u00e3o \u201cAs dimens\u00f5es da gest\u00e3o os desafios da forma\u00e7\u00e3o de professores no ensino remoto\u201d, que tem como p\u00fablico alvo coordenadores, diretores e vice-diretores de escolas e membros da equipe t\u00e9cnica da Semed Penedo.<\/p>\n<p>A forma\u00e7\u00e3o tem como facilitadores a psicopedagoga Luciana Cruz e Lourdes Ati\u00e9, soci\u00f3loga com p\u00f3s-gradua\u00e7\u00e3o em educa\u00e7\u00e3o pela Flacso, institui\u00e7\u00e3o sediada na Argentina.<\/p>\n<p>A partir das 14h ser\u00e1 a vez da forma\u00e7\u00e3o \u201cO planejamento docente e as proposi\u00e7\u00f5es para garantir os direitos das crian\u00e7as no cotidiano\u201d, voltada para os professores da Educa\u00e7\u00e3o Infantil.<\/p>\n<p>A aula ser\u00e1 ministrada pela psicopedagoga Luciana Cruz e o Doutor em Educa\u00e7\u00e3o pela USP, Paulo Fochi.<\/p>\n<p>\u00c0s 16h se inicia o tema \u201cA BNCC e os desafios do ensino remoto\u201d, para professores do ensino fundamental (anos iniciais e finais) e EJA, com Luciana Cruz e Lino de Macedo, professor titular na \u00e1rea de Psicologia do Desenvolvimento e Doutor em Psicologia pela Universidade de S\u00e3o Paulo.<\/p>\n<p>&nbsp;<\/p>\n<p><strong>por Thiago Sobral &#8211; Decom (PMP)<\/strong><\/p>\n<p>&nbsp;<\/p>\n","protected":false},"excerpt":{"rendered":"<p>A Secretaria Municipal de Educa\u00e7\u00e3o (Semed) de Penedo promove na pr\u00f3xima segunda-feira, 03 de agosto, a forma\u00e7\u00e3o \u201cProcesso Formativo Remoto de Professores\u201d, destinada a professores da rede p\u00fablica municipal, equipe gestora das escolas e t\u00e9cnicos da pasta. O objetivo da a\u00e7\u00e3o \u00e9 promover o aperfei\u00e7oamento profissional de todo corpo t\u00e9cnico da Semed Penedo, aprimorando conhecimentos &hellip;<\/p>\n","protected":false},"author":1,"featured_media":8432,"comment_status":"open","ping_status":"open","sticky":false,"template":"","format":"standard","meta":{"_jetpack_newsletter_access":"","_jetpack_dont_email_post_to_subs":false,"_jetpack_newsletter_tier_id":0,"_jetpack_memberships_contains_paywalled_content":false,"_jetpack_memberships_contains_paid_content":false,"footnotes":""},"categories":[1],"tags":[],"class_list":["post-8431","post","type-post","status-publish","format-standard","has-post-thumbnail","hentry","category-destaque"],"jetpack_sharing_enabled":true,"jetpack_featured_media_url":"","_links":{"self":[{"href":"https:\/\/www.oparanews.com.br\/index.php\/wp-json\/wp\/v2\/posts\/8431","targetHints":{"allow":["GET"]}}],"collection":[{"href":"https:\/\/www.oparanews.com.br\/index.php\/wp-json\/wp\/v2\/posts"}],"about":[{"href":"https:\/\/www.oparanews.com.br\/index.php\/wp-json\/wp\/v2\/types\/post"}],"author":[{"embeddable":true,"href":"https:\/\/www.oparanews.com.br\/index.php\/wp-json\/wp\/v2\/users\/1"}],"replies":[{"embeddable":true,"href":"https:\/\/www.oparanews.com.br\/index.php\/wp-json\/wp\/v2\/comments?post=8431"}],"version-history":[{"count":0,"href":"https:\/\/www.oparanews.com.br\/index.php\/wp-json\/wp\/v2\/posts\/8431\/revisions"}],"wp:attachment":[{"href":"https:\/\/www.oparanews.com.br\/index.php\/wp-json\/wp\/v2\/media?parent=8431"}],"wp:term":[{"taxonomy":"category","embeddable":true,"href":"https:\/\/www.oparanews.com.br\/index.php\/wp-json\/wp\/v2\/categories?post=8431"},{"taxonomy":"post_tag","embeddable":true,"href":"https:\/\/www.oparanews.com.br\/index.php\/wp-json\/wp\/v2\/tags?post=8431"}],"curies":[{"name":"wp","href":"https:\/\/api.w.org\/{rel}","templated":true}]}}